{"id":1001,"date":"2012-09-27T16:00:00","date_gmt":"2012-09-27T14:00:00","guid":{"rendered":"http:\/\/www.meier-gerdingh.de\/spd-oberhausen\/wp\/?p=1001"},"modified":"2017-05-17T17:01:44","modified_gmt":"2017-05-17T15:01:44","slug":"breite-beteiligung-oberhausener-und-dinslakener-sozialdemokraten-in-vorbereitung-der-bundestagswahl-2013","status":"publish","type":"post","link":"https:\/\/meier-gerdingh.de\/wp-spd-ob\/2012\/09\/27\/breite-beteiligung-oberhausener-und-dinslakener-sozialdemokraten-in-vorbereitung-der-bundestagswahl-2013\/","title":{"rendered":"Breite Beteiligung Oberhausener und Dinslakener Sozialdemokraten in Vorbereitung der Bundestagswahl 2013"},"content":{"rendered":"<div style=\"width: 210px\" class=\"wp-caption alignleft\"><a href=\"http:\/\/meier-gerdingh.de\/wp-spd-ob\/wp-content\/uploads\/bundestagskandidaten_oberhausen_dinslaken.jpg\"><img decoding=\"async\" class=\"size-full\" src=\"http:\/\/meier-gerdingh.de\/wp-spd-ob\/wp-content\/uploads\/bundestagskandidaten_oberhausen_dinslaken.jpg\" alt=\"Ey\u00fcp Yildiz, Henrike Greven, Dirk V\u00f6pel und Maximilian Janetzki (v. l.)\" width=\"200\" height=\"138\" \/><\/a><p class=\"wp-caption-text\">Ey\u00fcp Yildiz, Henrike Greven, Dirk V\u00f6pel und Maximilian Janetzki (v. l.)<\/p><\/div>\n<p>In einer gemeinsamen Sitzung der SPD-Vorst\u00e4nde aus Oberhausen und Dinslaken am vergangenen Dienstag wurden 3 Bewerber und 1 Bewerberin benannt,<br \/>\nvon denen eine Person im Rahmen eines parteioffenen Mitgliederentscheides zum Kandidaten f\u00fcr die Bundestagswahl 2013 gew\u00e4hlt werden soll. Henrike Greven, Maximilian Janetzki, Ey\u00fcp Yildiz und Dirk V\u00f6pel stellen sich u. a. im Rahmen von 4 gro\u00dfen Informations- und Diskussionsveranstaltungen der SPD in Oberhausen, Sterkrade, Osterfeld und Dinslaken allen Parteimitgliedern.<!--more--><\/p>\n<p>Am Sonntag, 25. November 2012, wird dann in 7 Oberhausener Ortsvereinen und zentral in Dinslaken per Urnenwahl sowie &#8211; wenn gew\u00fcnscht &#8211; vorab durch Briefwahl gew\u00e4hlt.<\/p>\n<p>Abschlie\u00dfend entscheidet dann die Wahlkreisdelegiertenkonferenz am 3. Dezember unter Einbeziehung des Ergebnisses der Mitgliederbeteiligung \u00fcber die endg\u00fcltige Kandidatenfestlegung.<\/p>\n<p>Mit diesem Verfahren er\u00f6ffnet die SPD einen Prozess mit den Kernpunkten Mitreden und Mitbestimmen, an dem sich alle Mitglieder unmittelbar beteiligen k\u00f6nnen. Im echten Sinne &#8222;Basis statt Basta&#8220;.<\/p>\n","protected":false},"excerpt":{"rendered":"<p>In einer gemeinsamen Sitzung der SPD-Vorst\u00e4nde aus Oberhausen und Dinslaken am vergangenen Dienstag wurden 3 Bewerber und 1 Bewerberin benannt, von denen eine Person im Rahmen eines parteioffenen Mitgliederentscheides zum&hellip; <\/p>\n","protected":false},"author":1,"featured_media":0,"comment_status":"closed","ping_status":"closed","sticky":false,"template":"","format":"standard","meta":{"footnotes":""},"categories":[1],"tags":[],"quellen":[],"class_list":["post-1001","post","type-post","status-publish","format-standard","hentry","category-allgemein"],"_links":{"self":[{"href":"https:\/\/meier-gerdingh.de\/wp-spd-ob\/wp-json\/wp\/v2\/posts\/1001","targetHints":{"allow":["GET"]}}],"collection":[{"href":"https:\/\/meier-gerdingh.de\/wp-spd-ob\/wp-json\/wp\/v2\/posts"}],"about":[{"href":"https:\/\/meier-gerdingh.de\/wp-spd-ob\/wp-json\/wp\/v2\/types\/post"}],"author":[{"embeddable":true,"href":"https:\/\/meier-gerdingh.de\/wp-spd-ob\/wp-json\/wp\/v2\/users\/1"}],"replies":[{"embeddable":true,"href":"https:\/\/meier-gerdingh.de\/wp-spd-ob\/wp-json\/wp\/v2\/comments?post=1001"}],"version-history":[{"count":0,"href":"https:\/\/meier-gerdingh.de\/wp-spd-ob\/wp-json\/wp\/v2\/posts\/1001\/revisions"}],"wp:attachment":[{"href":"https:\/\/meier-gerdingh.de\/wp-spd-ob\/wp-json\/wp\/v2\/media?parent=1001"}],"wp:term":[{"taxonomy":"category","embeddable":true,"href":"https:\/\/meier-gerdingh.de\/wp-spd-ob\/wp-json\/wp\/v2\/categories?post=1001"},{"taxonomy":"post_tag","embeddable":true,"href":"https:\/\/meier-gerdingh.de\/wp-spd-ob\/wp-json\/wp\/v2\/tags?post=1001"},{"taxonomy":"quellen","embeddable":true,"href":"https:\/\/meier-gerdingh.de\/wp-spd-ob\/wp-json\/wp\/v2\/quellen?post=1001"}],"curies":[{"name":"wp","href":"https:\/\/api.w.org\/{rel}","templated":true}]}}