{"id":10014,"date":"2022-12-31T15:50:45","date_gmt":"2022-12-31T14:50:45","guid":{"rendered":"https:\/\/meier-gerdingh.de\/wp-spd-ob\/?p=10014"},"modified":"2023-01-01T18:02:29","modified_gmt":"2023-01-01T17:02:29","slug":"was-sich-ab-1-januar-aendert","status":"publish","type":"post","link":"https:\/\/meier-gerdingh.de\/wp-spd-ob\/2022\/12\/31\/was-sich-ab-1-januar-aendert\/","title":{"rendered":"Was sich ab 1. Januar \u00e4ndert"},"content":{"rendered":"<p>2023 steht vor der T\u00fcr! Und damit auch einige gesetzliche Regelungen, die ab morgen (01.01.2023) greifen. Hier die f\u00fcnf wichtigsten auf einen Blick:<\/p>\n<script type=\"text\/javascript\">jQuery(function() { _initLayerSlider( '#layerslider_11_mpemwhea8pwf', {createdWith: '6.7.6', sliderVersion: '7.6.7', allowFullscreen: true, pauseOnHover: 'enabled', skin: 'v6', sliderFadeInDuration: 350, navButtons: false, useSrcset: true, skinsPath: 'https:\/\/meier-gerdingh.de\/wp-spd-ob\/wp-content\/plugins\/LayerSlider\/assets\/static\/layerslider\/skins\/', performanceMode: true}); });<\/script><div id=\"layerslider_11_mpemwhea8pwf\"  class=\"ls-wp-container fitvidsignore ls-selectable\" style=\"width:700px;height:700px;max-width:700px;margin:0 auto;margin-bottom: 0px;\"><div class=\"ls-slide\" data-ls=\"duration:6000;transition2d:5;\"><img width=\"700\" height=\"700\" src=\"https:\/\/meier-gerdingh.de\/wp-spd-ob\/wp-content\/uploads\/layerslider\/projects\/jahreswechsel-2223\/2023-01-ueberblick.png\" class=\"ls-bg\" alt=\"\" srcset=\"https:\/\/meier-gerdingh.de\/wp-spd-ob\/wp-content\/uploads\/layerslider\/projects\/jahreswechsel-2223\/2023-01-ueberblick.png 700w, https:\/\/meier-gerdingh.de\/wp-spd-ob\/wp-content\/uploads\/layerslider\/projects\/jahreswechsel-2223\/2023-01-ueberblick-300x300.png 300w, https:\/\/meier-gerdingh.de\/wp-spd-ob\/wp-content\/uploads\/layerslider\/projects\/jahreswechsel-2223\/2023-01-ueberblick-150x150.png 150w, https:\/\/meier-gerdingh.de\/wp-spd-ob\/wp-content\/uploads\/layerslider\/projects\/jahreswechsel-2223\/2023-01-ueberblick-330x330.png 330w\" sizes=\"(max-width: 700px) 100vw, 700px\" \/><img width=\"700\" height=\"700\" src=\"https:\/\/meier-gerdingh.de\/wp-spd-ob\/wp-content\/uploads\/layerslider\/projects\/jahreswechsel-2223\/2023-01-ueberblick.png\" class=\"ls-tn\" alt=\"\" srcset=\"https:\/\/meier-gerdingh.de\/wp-spd-ob\/wp-content\/uploads\/layerslider\/projects\/jahreswechsel-2223\/2023-01-ueberblick.png 700w, https:\/\/meier-gerdingh.de\/wp-spd-ob\/wp-content\/uploads\/layerslider\/projects\/jahreswechsel-2223\/2023-01-ueberblick-300x300.png 300w, https:\/\/meier-gerdingh.de\/wp-spd-ob\/wp-content\/uploads\/layerslider\/projects\/jahreswechsel-2223\/2023-01-ueberblick-150x150.png 150w, https:\/\/meier-gerdingh.de\/wp-spd-ob\/wp-content\/uploads\/layerslider\/projects\/jahreswechsel-2223\/2023-01-ueberblick-330x330.png 330w\" sizes=\"(max-width: 700px) 100vw, 700px\" \/><a href=\"http:\/\/www.dirk-voepel.de\/\" target=\"_self\" class=\"ls-link ls-link-on-top\"><\/a><\/div><div class=\"ls-slide\" data-ls=\"duration:6000;transition2d:5;\"><img width=\"700\" height=\"700\" src=\"https:\/\/meier-gerdingh.de\/wp-spd-ob\/wp-content\/uploads\/layerslider\/projects\/jahreswechsel-2223\/2023-02-buergergeld.png\" class=\"ls-bg\" alt=\"\" srcset=\"https:\/\/meier-gerdingh.de\/wp-spd-ob\/wp-content\/uploads\/layerslider\/projects\/jahreswechsel-2223\/2023-02-buergergeld.png 700w, https:\/\/meier-gerdingh.de\/wp-spd-ob\/wp-content\/uploads\/layerslider\/projects\/jahreswechsel-2223\/2023-02-buergergeld-300x300.png 300w, https:\/\/meier-gerdingh.de\/wp-spd-ob\/wp-content\/uploads\/layerslider\/projects\/jahreswechsel-2223\/2023-02-buergergeld-150x150.png 150w, https:\/\/meier-gerdingh.de\/wp-spd-ob\/wp-content\/uploads\/layerslider\/projects\/jahreswechsel-2223\/2023-02-buergergeld-330x330.png 330w\" sizes=\"(max-width: 700px) 100vw, 700px\" \/><img width=\"700\" height=\"700\" src=\"https:\/\/meier-gerdingh.de\/wp-spd-ob\/wp-content\/uploads\/layerslider\/projects\/jahreswechsel-2223\/2023-02-buergergeld.png\" class=\"ls-tn\" alt=\"\" srcset=\"https:\/\/meier-gerdingh.de\/wp-spd-ob\/wp-content\/uploads\/layerslider\/projects\/jahreswechsel-2223\/2023-02-buergergeld.png 700w, https:\/\/meier-gerdingh.de\/wp-spd-ob\/wp-content\/uploads\/layerslider\/projects\/jahreswechsel-2223\/2023-02-buergergeld-300x300.png 300w, https:\/\/meier-gerdingh.de\/wp-spd-ob\/wp-content\/uploads\/layerslider\/projects\/jahreswechsel-2223\/2023-02-buergergeld-150x150.png 150w, https:\/\/meier-gerdingh.de\/wp-spd-ob\/wp-content\/uploads\/layerslider\/projects\/jahreswechsel-2223\/2023-02-buergergeld-330x330.png 330w\" sizes=\"(max-width: 700px) 100vw, 700px\" \/><a href=\"http:\/\/www.dirk-voepel.de\/\" target=\"_self\" class=\"ls-link ls-link-on-top\"><\/a><\/div><div class=\"ls-slide\" data-ls=\"duration:6000;transition2d:5;\"><img width=\"700\" height=\"700\" src=\"https:\/\/meier-gerdingh.de\/wp-spd-ob\/wp-content\/uploads\/layerslider\/projects\/jahreswechsel-2223\/2023-03-kindergeld.png\" class=\"ls-bg\" alt=\"\" srcset=\"https:\/\/meier-gerdingh.de\/wp-spd-ob\/wp-content\/uploads\/layerslider\/projects\/jahreswechsel-2223\/2023-03-kindergeld.png 700w, https:\/\/meier-gerdingh.de\/wp-spd-ob\/wp-content\/uploads\/layerslider\/projects\/jahreswechsel-2223\/2023-03-kindergeld-300x300.png 300w, https:\/\/meier-gerdingh.de\/wp-spd-ob\/wp-content\/uploads\/layerslider\/projects\/jahreswechsel-2223\/2023-03-kindergeld-150x150.png 150w, https:\/\/meier-gerdingh.de\/wp-spd-ob\/wp-content\/uploads\/layerslider\/projects\/jahreswechsel-2223\/2023-03-kindergeld-330x330.png 330w\" sizes=\"(max-width: 700px) 100vw, 700px\" \/><img width=\"700\" height=\"700\" src=\"https:\/\/meier-gerdingh.de\/wp-spd-ob\/wp-content\/uploads\/layerslider\/projects\/jahreswechsel-2223\/2023-03-kindergeld.png\" class=\"ls-tn\" alt=\"\" srcset=\"https:\/\/meier-gerdingh.de\/wp-spd-ob\/wp-content\/uploads\/layerslider\/projects\/jahreswechsel-2223\/2023-03-kindergeld.png 700w, https:\/\/meier-gerdingh.de\/wp-spd-ob\/wp-content\/uploads\/layerslider\/projects\/jahreswechsel-2223\/2023-03-kindergeld-300x300.png 300w, https:\/\/meier-gerdingh.de\/wp-spd-ob\/wp-content\/uploads\/layerslider\/projects\/jahreswechsel-2223\/2023-03-kindergeld-150x150.png 150w, https:\/\/meier-gerdingh.de\/wp-spd-ob\/wp-content\/uploads\/layerslider\/projects\/jahreswechsel-2223\/2023-03-kindergeld-330x330.png 330w\" sizes=\"(max-width: 700px) 100vw, 700px\" \/><a href=\"http:\/\/www.dirk-voepel.de\/\" target=\"_self\" class=\"ls-link ls-link-on-top\"><\/a><\/div><div class=\"ls-slide\" data-ls=\"duration:6000;transition2d:5;\"><img width=\"700\" height=\"700\" src=\"https:\/\/meier-gerdingh.de\/wp-spd-ob\/wp-content\/uploads\/layerslider\/projects\/jahreswechsel-2223\/2023-04-mehr-vom-lohn.png\" class=\"ls-bg\" alt=\"\" srcset=\"https:\/\/meier-gerdingh.de\/wp-spd-ob\/wp-content\/uploads\/layerslider\/projects\/jahreswechsel-2223\/2023-04-mehr-vom-lohn.png 700w, https:\/\/meier-gerdingh.de\/wp-spd-ob\/wp-content\/uploads\/layerslider\/projects\/jahreswechsel-2223\/2023-04-mehr-vom-lohn-300x300.png 300w, https:\/\/meier-gerdingh.de\/wp-spd-ob\/wp-content\/uploads\/layerslider\/projects\/jahreswechsel-2223\/2023-04-mehr-vom-lohn-150x150.png 150w, https:\/\/meier-gerdingh.de\/wp-spd-ob\/wp-content\/uploads\/layerslider\/projects\/jahreswechsel-2223\/2023-04-mehr-vom-lohn-330x330.png 330w\" sizes=\"(max-width: 700px) 100vw, 700px\" \/><img width=\"700\" height=\"700\" src=\"https:\/\/meier-gerdingh.de\/wp-spd-ob\/wp-content\/uploads\/layerslider\/projects\/jahreswechsel-2223\/2023-04-mehr-vom-lohn.png\" class=\"ls-tn\" alt=\"\" srcset=\"https:\/\/meier-gerdingh.de\/wp-spd-ob\/wp-content\/uploads\/layerslider\/projects\/jahreswechsel-2223\/2023-04-mehr-vom-lohn.png 700w, https:\/\/meier-gerdingh.de\/wp-spd-ob\/wp-content\/uploads\/layerslider\/projects\/jahreswechsel-2223\/2023-04-mehr-vom-lohn-300x300.png 300w, https:\/\/meier-gerdingh.de\/wp-spd-ob\/wp-content\/uploads\/layerslider\/projects\/jahreswechsel-2223\/2023-04-mehr-vom-lohn-150x150.png 150w, https:\/\/meier-gerdingh.de\/wp-spd-ob\/wp-content\/uploads\/layerslider\/projects\/jahreswechsel-2223\/2023-04-mehr-vom-lohn-330x330.png 330w\" sizes=\"(max-width: 700px) 100vw, 700px\" \/><a href=\"https:\/\/olaf-scholz.spd.de\/olaf-scholz\/\" target=\"_self\" class=\"ls-link ls-link-on-top\"><\/a><\/div><div class=\"ls-slide\" data-ls=\"duration:6000;transition2d:5;\"><img width=\"700\" height=\"700\" src=\"https:\/\/meier-gerdingh.de\/wp-spd-ob\/wp-content\/uploads\/layerslider\/projects\/jahreswechsel-2223\/2023-05-wohngeld.png\" class=\"ls-bg\" alt=\"\" srcset=\"https:\/\/meier-gerdingh.de\/wp-spd-ob\/wp-content\/uploads\/layerslider\/projects\/jahreswechsel-2223\/2023-05-wohngeld.png 700w, https:\/\/meier-gerdingh.de\/wp-spd-ob\/wp-content\/uploads\/layerslider\/projects\/jahreswechsel-2223\/2023-05-wohngeld-300x300.png 300w, https:\/\/meier-gerdingh.de\/wp-spd-ob\/wp-content\/uploads\/layerslider\/projects\/jahreswechsel-2223\/2023-05-wohngeld-150x150.png 150w, https:\/\/meier-gerdingh.de\/wp-spd-ob\/wp-content\/uploads\/layerslider\/projects\/jahreswechsel-2223\/2023-05-wohngeld-330x330.png 330w\" sizes=\"(max-width: 700px) 100vw, 700px\" \/><img width=\"700\" height=\"700\" src=\"https:\/\/meier-gerdingh.de\/wp-spd-ob\/wp-content\/uploads\/layerslider\/projects\/jahreswechsel-2223\/2023-05-wohngeld.png\" class=\"ls-tn\" alt=\"\" srcset=\"https:\/\/meier-gerdingh.de\/wp-spd-ob\/wp-content\/uploads\/layerslider\/projects\/jahreswechsel-2223\/2023-05-wohngeld.png 700w, https:\/\/meier-gerdingh.de\/wp-spd-ob\/wp-content\/uploads\/layerslider\/projects\/jahreswechsel-2223\/2023-05-wohngeld-300x300.png 300w, https:\/\/meier-gerdingh.de\/wp-spd-ob\/wp-content\/uploads\/layerslider\/projects\/jahreswechsel-2223\/2023-05-wohngeld-150x150.png 150w, https:\/\/meier-gerdingh.de\/wp-spd-ob\/wp-content\/uploads\/layerslider\/projects\/jahreswechsel-2223\/2023-05-wohngeld-330x330.png 330w\" sizes=\"(max-width: 700px) 100vw, 700px\" \/><a href=\"https:\/\/www.dirk-voepel.de\/spd-zukunftsprogramm-21\/\" target=\"_self\" class=\"ls-link ls-link-on-top\"><\/a><\/div><\/div>\n<ul style=\"margin-top: 28px !important;\">\n<li>Das neue <strong>B\u00fcrgergeld<\/strong> ist da und tritt in Stufen in Kraft. Hartz IV ist Geschichte!<\/li>\n<li><strong>Kindergeld<\/strong> und der H\u00f6chstbetrag des Kinderzuschlags steigen jeweils auf 250 Euro pro Kind.<\/li>\n<li>Das <strong>Wohngeld<\/strong> wird im Schnitt auf 370 Euro verdoppelt und statt 600.000 k\u00f6nnen jetzt bis zu 2 Millionen Haushalte davon profitieren.<\/li>\n<li>Die <strong>Preisbremsen<\/strong> f\u00fcr Gas, Strom und Fernw\u00e4rme treten in Kraft. Achtung: Auf dem Konto merken Sie das erst ab M\u00e4rz, ab da werden dann aber auch Januar und Februar r\u00fcckwirkend verrechnet. Fr\u00fcher ging es technisch nicht.<\/li>\n<li>Sie haben 2023 deutlich mehr von Ihrem Lohn \u00fcbrig, denn wir haben uns darum gek\u00fcmmert, dass Sie <strong>weniger Steuern<\/strong> zahlen m\u00fcssen.<\/li>\n<\/ul>\n","protected":false},"excerpt":{"rendered":"<p>2023 steht vor der T\u00fcr! Und damit auch einige gesetzliche Regelungen, die ab morgen (01.01.2023) greifen. Hier die f\u00fcnf wichtigsten auf einen Blick: Das neue B\u00fcrgergeld ist da und tritt&hellip; <\/p>\n","protected":false},"author":1,"featured_media":0,"comment_status":"closed","ping_status":"closed","sticky":false,"template":"","format":"standard","meta":{"footnotes":""},"categories":[180],"tags":[1986,3274,2419,1021,1797],"quellen":[330],"class_list":["post-10014","post","type-post","status-publish","format-standard","hentry","category-bund","tag-buergergeld","tag-energiepreisbremse","tag-kindergeld","tag-steuern","tag-wohngeld","quellen-mdb-dirk-voepel"],"_links":{"self":[{"href":"https:\/\/meier-gerdingh.de\/wp-spd-ob\/wp-json\/wp\/v2\/posts\/10014","targetHints":{"allow":["GET"]}}],"collection":[{"href":"https:\/\/meier-gerdingh.de\/wp-spd-ob\/wp-json\/wp\/v2\/posts"}],"about":[{"href":"https:\/\/meier-gerdingh.de\/wp-spd-ob\/wp-json\/wp\/v2\/types\/post"}],"author":[{"embeddable":true,"href":"https:\/\/meier-gerdingh.de\/wp-spd-ob\/wp-json\/wp\/v2\/users\/1"}],"replies":[{"embeddable":true,"href":"https:\/\/meier-gerdingh.de\/wp-spd-ob\/wp-json\/wp\/v2\/comments?post=10014"}],"version-history":[{"count":0,"href":"https:\/\/meier-gerdingh.de\/wp-spd-ob\/wp-json\/wp\/v2\/posts\/10014\/revisions"}],"wp:attachment":[{"href":"https:\/\/meier-gerdingh.de\/wp-spd-ob\/wp-json\/wp\/v2\/media?parent=10014"}],"wp:term":[{"taxonomy":"category","embeddable":true,"href":"https:\/\/meier-gerdingh.de\/wp-spd-ob\/wp-json\/wp\/v2\/categories?post=10014"},{"taxonomy":"post_tag","embeddable":true,"href":"https:\/\/meier-gerdingh.de\/wp-spd-ob\/wp-json\/wp\/v2\/tags?post=10014"},{"taxonomy":"quellen","embeddable":true,"href":"https:\/\/meier-gerdingh.de\/wp-spd-ob\/wp-json\/wp\/v2\/quellen?post=10014"}],"curies":[{"name":"wp","href":"https:\/\/api.w.org\/{rel}","templated":true}]}}