{"id":1002,"date":"2012-10-02T16:00:00","date_gmt":"2012-10-02T14:00:00","guid":{"rendered":"http:\/\/www.meier-gerdingh.de\/spd-oberhausen\/wp\/?p=1002"},"modified":"2017-05-17T17:01:23","modified_gmt":"2017-05-17T15:01:23","slug":"weitere-finanzmittel-fuer-unter-dreijaehrige","status":"publish","type":"post","link":"https:\/\/meier-gerdingh.de\/wp-spd-ob\/2012\/10\/02\/weitere-finanzmittel-fuer-unter-dreijaehrige\/","title":{"rendered":"Weitere Finanzmittel f\u00fcr unter Dreij\u00e4hrige"},"content":{"rendered":"<div style=\"width: 150px\" class=\"wp-caption alignleft\"><a href=\"http:\/\/meier-gerdingh.de\/wp-spd-ob\/wp-content\/uploads\/landtagganz1.jpg\"><img decoding=\"async\" class=\"size-full\" src=\"http:\/\/meier-gerdingh.de\/wp-spd-ob\/wp-content\/uploads\/landtagganz1.jpg\" alt=\"Der Landtag von Nordrhein-Westfalen\" width=\"140\" height=\"187\" \/><\/a><p class=\"wp-caption-text\">Der Landtag von Nordrhein-Westfalen<\/p><\/div>\n<p>Der Stadt Oberhausen stehen ab sofort weitere 560.000 Euro f\u00fcr die Schaffung neuer Kita-Pl\u00e4tze f\u00fcr unter Dreij\u00e4hrige zur Verf\u00fcgung. Das sei ein Ergebnis der Bund-L\u00e4nder-Einigung zum umstrittenen Fiskalpakt, auf die sich die Bundesregierung mit SPD und Gr\u00fcnen bereits im Juni geeinigt habe, erl\u00e4utern die Landtagsabgeordneten Wolfgang Gro\u00dfe Br\u00f6mer und Stefan Zimkeit. &#8222;Auf Dr\u00e4ngen der SPD hat der Bund sich verpflichten m\u00fcssen, 580 Millionen Euro f\u00fcr die Kinderbetreuung zur Verf\u00fcgung zu stellen. Denn der Rechtsanspruch auf einen Krippenplatz, der ab August 2013 gilt, kann nicht allein Aufgaben von L\u00e4ndern und Kommunen sein&#8220;, kritisiert Zimkeit die CDU-Familienministerin Kristina Schr\u00f6der, die sich &#8222;aus der Verantwortung mogeln wollte&#8220;.<!--more--><\/p>\n<p>Der Geldbetrag sei nur eine erste Tranche der Bundesmittel, die jetzt vom Land an die kommunalen Jugend\u00e4mter weitergereicht werden. &#8222;Das entsprechende Bundesgesetz ist noch gar nicht beschlossen. Wir wollen aber, dass das zugesagt Geld schnellstm\u00f6glich vor Ort ankommt&#8220;, sagt Zimkeit zu dem Verteilverfahren der NRW-Landesregierung.<\/p>\n<p>&#8222;Der Betrag kann auch f\u00fcr Ma\u00dfnahmen verwendet werden, die innerhalb der letzten drei Monate bereits begonnen wurden. Weitere Bundesmittel werden dann im n\u00e4chsten Jahr zugewiesen. Die Gelder flie\u00dfen zus\u00e4tzlich zu den 8,9 Millionen Euro, die NRW der Stadt Oberhausen f\u00fcr den Zeitraum 2009 bis 2013 f\u00fcr den Krippenausbau zur Verf\u00fcgung stellt.&#8220;<\/p>\n","protected":false},"excerpt":{"rendered":"<p>Der Stadt Oberhausen stehen ab sofort weitere 560.000 Euro f\u00fcr die Schaffung neuer Kita-Pl\u00e4tze f\u00fcr unter Dreij\u00e4hrige zur Verf\u00fcgung. Das sei ein Ergebnis der Bund-L\u00e4nder-Einigung zum umstrittenen Fiskalpakt, auf die&hellip; <\/p>\n","protected":false},"author":1,"featured_media":0,"comment_status":"closed","ping_status":"closed","sticky":false,"template":"","format":"standard","meta":{"footnotes":""},"categories":[1],"tags":[],"quellen":[],"class_list":["post-1002","post","type-post","status-publish","format-standard","hentry","category-allgemein"],"_links":{"self":[{"href":"https:\/\/meier-gerdingh.de\/wp-spd-ob\/wp-json\/wp\/v2\/posts\/1002","targetHints":{"allow":["GET"]}}],"collection":[{"href":"https:\/\/meier-gerdingh.de\/wp-spd-ob\/wp-json\/wp\/v2\/posts"}],"about":[{"href":"https:\/\/meier-gerdingh.de\/wp-spd-ob\/wp-json\/wp\/v2\/types\/post"}],"author":[{"embeddable":true,"href":"https:\/\/meier-gerdingh.de\/wp-spd-ob\/wp-json\/wp\/v2\/users\/1"}],"replies":[{"embeddable":true,"href":"https:\/\/meier-gerdingh.de\/wp-spd-ob\/wp-json\/wp\/v2\/comments?post=1002"}],"version-history":[{"count":0,"href":"https:\/\/meier-gerdingh.de\/wp-spd-ob\/wp-json\/wp\/v2\/posts\/1002\/revisions"}],"wp:attachment":[{"href":"https:\/\/meier-gerdingh.de\/wp-spd-ob\/wp-json\/wp\/v2\/media?parent=1002"}],"wp:term":[{"taxonomy":"category","embeddable":true,"href":"https:\/\/meier-gerdingh.de\/wp-spd-ob\/wp-json\/wp\/v2\/categories?post=1002"},{"taxonomy":"post_tag","embeddable":true,"href":"https:\/\/meier-gerdingh.de\/wp-spd-ob\/wp-json\/wp\/v2\/tags?post=1002"},{"taxonomy":"quellen","embeddable":true,"href":"https:\/\/meier-gerdingh.de\/wp-spd-ob\/wp-json\/wp\/v2\/quellen?post=1002"}],"curies":[{"name":"wp","href":"https:\/\/api.w.org\/{rel}","templated":true}]}}