{"id":10020,"date":"2023-01-11T19:50:51","date_gmt":"2023-01-11T18:50:51","guid":{"rendered":"https:\/\/meier-gerdingh.de\/wp-spd-ob\/?p=10020"},"modified":"2023-01-12T11:42:04","modified_gmt":"2023-01-12T10:42:04","slug":"mdl-frederick-cordes-uebernimmt-politische-patenschaft-fuer-iranischen-oppositionellen","status":"publish","type":"post","link":"https:\/\/meier-gerdingh.de\/wp-spd-ob\/2023\/01\/11\/mdl-frederick-cordes-uebernimmt-politische-patenschaft-fuer-iranischen-oppositionellen\/","title":{"rendered":"MdL Frederick Cordes \u00fcbernimmt politische Patenschaft f\u00fcr iranischen Oppositionellen"},"content":{"rendered":"<div id=\"attachment_10022\" style=\"width: 270px\" class=\"wp-caption alignleft\"><a href=\"https:\/\/meier-gerdingh.de\/wp-spd-ob\/wp-content\/uploads\/2023\/01\/vafa_azarbar.jpg\"><img aria-describedby=\"caption-attachment-10022\" decoding=\"async\" class=\"size-full wp-image-10022\" src=\"https:\/\/meier-gerdingh.de\/wp-spd-ob\/wp-content\/uploads\/2023\/01\/vafa_azarbar.jpg\" alt=\"\" width=\"260\" height=\"445\" srcset=\"https:\/\/meier-gerdingh.de\/wp-spd-ob\/wp-content\/uploads\/2023\/01\/vafa_azarbar.jpg 260w, https:\/\/meier-gerdingh.de\/wp-spd-ob\/wp-content\/uploads\/2023\/01\/vafa_azarbar-175x300.jpg 175w\" sizes=\"(max-width: 260px) 100vw, 260px\" \/><\/a><p id=\"caption-attachment-10022\" class=\"wp-caption-text\">Der iranische Oppositionelle Vafa Azarbar<\/p><\/div>\n<p>Seit Juli 2022 ist Vafa Azarbar Gefangener des iranischen Regimes. Wo er inhaftiert ist, wie sein Gesundheitszustand ist und wie es weitergeht &#8211; es gibt kaum Erkenntnisse. Seiner Familie wird jeglicher Kontakt und jegliche Information zu seinem Befinden verweigert. Vafa Azarbar ist wie vom Erdboden verschluckt worden.<\/p>\n<p>Klar ist nur, dass ihm und drei weiteren Gefangenen vorgeworfen wird, er habe f\u00fcr den israelischen Geheimdienst Mossad spioniert, mit dem Ziel der Ver\u00fcbung eines Anschlags. Mehrfach wurde ein &#8211; mutma\u00dflich unter Folter &#8211; erzwungenes Gest\u00e4ndnis der vier Beschuldigten im iranischen TV ausgestrahlt.<!--more--><\/p>\n<p>Beweise f\u00fcr die Unterstellungen gibt es keine; kurdische Menschenrechtsorganisationen widersprechen den Anschuldigungen vehement. Vafa Azarbar wurde unter fiktiven Gr\u00fcnden verhaftet, weil er der oppositionellen Komalah-Partei angeh\u00f6rt. In \u00e4hnlichen F\u00e4llen sind bereits unz\u00e4hlige Todesurteile gef\u00e4llt und vollstreckt worden.<\/p>\n<p>Der Oberhausener Landtagsabgeordnete Frederick Cordes hat nun eine politische Patenschaft f\u00fcr Vafa Azarbar \u00fcbernommen.<\/p>\n<p>Gegen\u00fcber dem iranischen Botschafter in Deutschland fordert er in einem <a href=\"https:\/\/meier-gerdingh.de\/wp-spd-ob\/wp-content\/uploads\/2023\/01\/brief_vafa_azarbar.pdf\">Brief<\/a>, dass Vafa Azarbar Zugang zu wesentlichen Menschenrechten erh\u00e4lt, die auch Gefangenen nicht verweigert werden d\u00fcrfen.<\/p>\n<p>Das bedeutet konkret: Vafa Azarbar soll einen anwaltlichen Beistand seiner Wahl frei bestimmen d\u00fcrfen, Kontakt zu seiner Familie aufnehmen k\u00f6nnen, Zugang zu medizinischer Versorgung erhalten und seinem bevorstehenden Prozess m\u00fcssen unabh\u00e4ngige Beobachter:innen beiwohnen d\u00fcrfen.<\/p>\n<p>Cordes k\u00fcndigte an, er werde weiter protestieren bis diese Leistungen erbracht w\u00fcrden oder Vafa Azarbar wieder frei sei.<\/p>\n","protected":false},"excerpt":{"rendered":"<p>Seit Juli 2022 ist Vafa Azarbar Gefangener des iranischen Regimes. Wo er inhaftiert ist, wie sein Gesundheitszustand ist und wie es weitergeht &#8211; es gibt kaum Erkenntnisse. Seiner Familie wird&hellip; <\/p>\n","protected":false},"author":1,"featured_media":0,"comment_status":"closed","ping_status":"closed","sticky":false,"template":"","format":"standard","meta":{"footnotes":""},"categories":[3343],"tags":[3344,3345,1944,3346],"quellen":[2806],"class_list":["post-10020","post","type-post","status-publish","format-standard","hentry","category-menschenrechte","tag-iran","tag-kurden","tag-menschenrechte","tag-vafa-azarbar","quellen-mdl-frederick-cordes"],"_links":{"self":[{"href":"https:\/\/meier-gerdingh.de\/wp-spd-ob\/wp-json\/wp\/v2\/posts\/10020","targetHints":{"allow":["GET"]}}],"collection":[{"href":"https:\/\/meier-gerdingh.de\/wp-spd-ob\/wp-json\/wp\/v2\/posts"}],"about":[{"href":"https:\/\/meier-gerdingh.de\/wp-spd-ob\/wp-json\/wp\/v2\/types\/post"}],"author":[{"embeddable":true,"href":"https:\/\/meier-gerdingh.de\/wp-spd-ob\/wp-json\/wp\/v2\/users\/1"}],"replies":[{"embeddable":true,"href":"https:\/\/meier-gerdingh.de\/wp-spd-ob\/wp-json\/wp\/v2\/comments?post=10020"}],"version-history":[{"count":0,"href":"https:\/\/meier-gerdingh.de\/wp-spd-ob\/wp-json\/wp\/v2\/posts\/10020\/revisions"}],"wp:attachment":[{"href":"https:\/\/meier-gerdingh.de\/wp-spd-ob\/wp-json\/wp\/v2\/media?parent=10020"}],"wp:term":[{"taxonomy":"category","embeddable":true,"href":"https:\/\/meier-gerdingh.de\/wp-spd-ob\/wp-json\/wp\/v2\/categories?post=10020"},{"taxonomy":"post_tag","embeddable":true,"href":"https:\/\/meier-gerdingh.de\/wp-spd-ob\/wp-json\/wp\/v2\/tags?post=10020"},{"taxonomy":"quellen","embeddable":true,"href":"https:\/\/meier-gerdingh.de\/wp-spd-ob\/wp-json\/wp\/v2\/quellen?post=10020"}],"curies":[{"name":"wp","href":"https:\/\/api.w.org\/{rel}","templated":true}]}}