{"id":1005,"date":"2012-10-12T16:00:00","date_gmt":"2012-10-12T14:00:00","guid":{"rendered":"http:\/\/www.meier-gerdingh.de\/spd-oberhausen\/wp\/?p=1005"},"modified":"2017-05-17T16:55:43","modified_gmt":"2017-05-17T14:55:43","slug":"verwaltung-soll-klartext-sprechen","status":"publish","type":"post","link":"https:\/\/meier-gerdingh.de\/wp-spd-ob\/2012\/10\/12\/verwaltung-soll-klartext-sprechen\/","title":{"rendered":"Verwaltung soll Klartext sprechen!"},"content":{"rendered":"<div style=\"width: 150px\" class=\"wp-caption alignleft\"><a href=\"http:\/\/meier-gerdingh.de\/wp-spd-ob\/wp-content\/uploads\/grosse_broemer_wolfgang_12.jpg\"><img decoding=\"async\" class=\"size-full\" src=\"http:\/\/meier-gerdingh.de\/wp-spd-ob\/wp-content\/uploads\/grosse_broemer_wolfgang_12.jpg\" alt=\"Wolfgang Gro\u00dfe Br\u00f6mer ist Vorsitzender der SPD-Ratsfraktion Oberhausen und Mitglied des Landtags von Nordrhein-Westfalen\" width=\"140\" height=\"169\" \/><\/a><p class=\"wp-caption-text\">Wolfgang Gro\u00dfe Br\u00f6mer ist Vorsitzender der SPD-Ratsfraktion Oberhausen und Mitglied des Landtags von Nordrhein-Westfalen<\/p><\/div>\n<p>&#8222;Das w\u00e4chst sich ja zur Posse aus!&#8220;, ist SPD-Fraktionsvorsitzender Wolfgang Gro\u00dfe Br\u00f6mer entr\u00fcstet \u00fcber die nicht endende Diskussion um die kurzzeitige Ansiedlung zweier Einzelhandelsgesch\u00e4fte in der leerstehenden Kaufhof-Filiale. &#8222;Vor allem&#8220;, befindet Gro\u00dfe Br\u00f6mer, &#8222;vermisse ich klare Worte der Verwaltung. Geht es nun um Brandschutz, um Notausg\u00e4nge, um Nutzungs\u00e4nderungen oder um Hygienevorschriften? Es kann doch nicht sein, dass von irgendwelchen nachgeordneten Dienststellen scheinbar immer wieder neue Begr\u00fcndungen f\u00fcr die Verhinderung der Ladener\u00f6ffnung angef\u00fchrt werden.&#8220;<!--more--><\/p>\n<p>Falls aber vom Immobilieneigent\u00fcmer notwendige sicherheitsrelevante Investitionen verweigert w\u00fcrden und damit einhergehend offensichtlich die Gutgl\u00e4ubigkeit der beiden Ladenbetreiberinnen ausgenutzt worden sei, dann m\u00fcsse die Verwaltung erst recht klar und deutlich &#8222;Ross und Reiter&#8220; nennen.<\/p>\n<p>Auch von einer Hilfe des City-Managements f\u00fcr die betreffenden Einzelh\u00e4ndler habe er bis jetzt &#8222;nur wenig&#8220; gesp\u00fcrt, merkt Gro\u00dfe Br\u00f6mer an. Deutlich warnt er: &#8222;Wenn bei einer vergleichsweise so einfachen Problemstellung die Verwaltung nicht klar und kl\u00e4rend auftritt, verliert der B\u00fcrger das Vertrauen. Zumal wir alle vor ungleich gr\u00f6\u00dferen Aufgaben stehen.&#8220;<\/p>\n","protected":false},"excerpt":{"rendered":"<p>&#8222;Das w\u00e4chst sich ja zur Posse aus!&#8220;, ist SPD-Fraktionsvorsitzender Wolfgang Gro\u00dfe Br\u00f6mer entr\u00fcstet \u00fcber die nicht endende Diskussion um die kurzzeitige Ansiedlung zweier Einzelhandelsgesch\u00e4fte in der leerstehenden Kaufhof-Filiale. &#8222;Vor allem&#8220;,&hellip; <\/p>\n","protected":false},"author":1,"featured_media":0,"comment_status":"closed","ping_status":"closed","sticky":false,"template":"","format":"standard","meta":{"footnotes":""},"categories":[1],"tags":[],"quellen":[],"class_list":["post-1005","post","type-post","status-publish","format-standard","hentry","category-allgemein"],"_links":{"self":[{"href":"https:\/\/meier-gerdingh.de\/wp-spd-ob\/wp-json\/wp\/v2\/posts\/1005","targetHints":{"allow":["GET"]}}],"collection":[{"href":"https:\/\/meier-gerdingh.de\/wp-spd-ob\/wp-json\/wp\/v2\/posts"}],"about":[{"href":"https:\/\/meier-gerdingh.de\/wp-spd-ob\/wp-json\/wp\/v2\/types\/post"}],"author":[{"embeddable":true,"href":"https:\/\/meier-gerdingh.de\/wp-spd-ob\/wp-json\/wp\/v2\/users\/1"}],"replies":[{"embeddable":true,"href":"https:\/\/meier-gerdingh.de\/wp-spd-ob\/wp-json\/wp\/v2\/comments?post=1005"}],"version-history":[{"count":0,"href":"https:\/\/meier-gerdingh.de\/wp-spd-ob\/wp-json\/wp\/v2\/posts\/1005\/revisions"}],"wp:attachment":[{"href":"https:\/\/meier-gerdingh.de\/wp-spd-ob\/wp-json\/wp\/v2\/media?parent=1005"}],"wp:term":[{"taxonomy":"category","embeddable":true,"href":"https:\/\/meier-gerdingh.de\/wp-spd-ob\/wp-json\/wp\/v2\/categories?post=1005"},{"taxonomy":"post_tag","embeddable":true,"href":"https:\/\/meier-gerdingh.de\/wp-spd-ob\/wp-json\/wp\/v2\/tags?post=1005"},{"taxonomy":"quellen","embeddable":true,"href":"https:\/\/meier-gerdingh.de\/wp-spd-ob\/wp-json\/wp\/v2\/quellen?post=1005"}],"curies":[{"name":"wp","href":"https:\/\/api.w.org\/{rel}","templated":true}]}}