{"id":10053,"date":"2023-01-25T16:03:36","date_gmt":"2023-01-25T15:03:36","guid":{"rendered":"https:\/\/meier-gerdingh.de\/wp-spd-ob\/?p=10053"},"modified":"2023-01-25T16:03:36","modified_gmt":"2023-01-25T15:03:36","slug":"spd-freut-sich-auf-die-girls-academy","status":"publish","type":"post","link":"https:\/\/meier-gerdingh.de\/wp-spd-ob\/2023\/01\/25\/spd-freut-sich-auf-die-girls-academy\/","title":{"rendered":"SPD freut sich auf die &#8222;Girls\u2019 Academy&#8220;"},"content":{"rendered":"<div id=\"attachment_8647\" style=\"width: 170px\" class=\"wp-caption alignleft\"><a href=\"https:\/\/meier-gerdingh.de\/wp-spd-ob\/wp-content\/uploads\/2021\/12\/salwik-claudia.jpg\"><img aria-describedby=\"caption-attachment-8647\" decoding=\"async\" class=\"size-full wp-image-8647\" src=\"https:\/\/meier-gerdingh.de\/wp-spd-ob\/wp-content\/uploads\/2021\/12\/salwik-claudia.jpg\" alt=\"\" width=\"160\" height=\"200\" \/><\/a><p id=\"caption-attachment-8647\" class=\"wp-caption-text\">Claudia Salwik ist Mitglied des Rates der Stadt und gleichstellungspolitische Sprecherin der SPD-Fraktion<\/p><\/div>\n<p>Ab April wird eine &#8222;Girls\u2018 Academy&#8220; die Oberhausener Bildungslandschaft bereichern. Ziel der Academy ist es, M\u00e4dchen f\u00fcr &#8222;MINT&#8220; (Mathematik, Informatik, Naturwissenschaft, Technik) zu begeistern und sie im besten Fall f\u00fcr einen MINT-Beruf in einem regionalen Unternehmen zu gewinnen. Zielgruppe sind M\u00e4dchen der Klassen 8 bis 13, in einem Schuljahr sollen jeweils 20 Sch\u00fclerinnen verschiedener, weiterf\u00fchrender Schulen gef\u00f6rdert werden.<\/p>\n<p>&#8222;Wir freuen uns, dass nun endlich die erste Oberhausener &#8218;Girls\u2018 Academy&#8216; an den Start geht. Dieses Projekt ist die logische Weiterentwicklung der bereits etablierten Girls\u2018 Days und wird auch das Angebot des &#8218;Lab4U&#8216; weiter mit Leben f\u00fcllen&#8220;, erkl\u00e4rt die Gleichstellungspolitische Sprecherin der SPD-Ratsfraktion, Claudia Salwik.<!--more--><\/p>\n<p>Diese Vernetzung zwischen Sch\u00fclerinnen, Unternehmen und der Hochschule sei ein Gewinn f\u00fcr die Bildungslandschaft unserer Stadt, erkl\u00e4rt Claudia Salwik weiter. &#8222;Wir bedanken uns bei allen Oberhausener Unternehmer:innen und Unternehmen, welche sich heute schon beteiligen und hoffen, dass die Gruppe derjenigen, die das Projekt unterst\u00fctzen, stetig steigt, denn schlie\u00dflich geht es darum, Arbeitnehmerinnen der Zukunft auf ihrem Weg in Studium und Ausbildung zu begleiten und f\u00fcr die Oberhausener Betriebslandschaft zu gewinnen.&#8220;<\/p>\n","protected":false},"excerpt":{"rendered":"<p>Ab April wird eine &#8222;Girls\u2018 Academy&#8220; die Oberhausener Bildungslandschaft bereichern. Ziel der Academy ist es, M\u00e4dchen f\u00fcr &#8222;MINT&#8220; (Mathematik, Informatik, Naturwissenschaft, Technik) zu begeistern und sie im besten Fall f\u00fcr&hellip; <\/p>\n","protected":false},"author":1,"featured_media":0,"comment_status":"closed","ping_status":"closed","sticky":false,"template":"","format":"standard","meta":{"footnotes":""},"categories":[231,95],"tags":[3359,760,3360,3361],"quellen":[326],"class_list":["post-10053","post","type-post","status-publish","format-standard","hentry","category-bildung","category-gleichstellung","tag-girls-academy","tag-ausbildung","tag-mint","tag-mint-berufe","quellen-spd-fraktion-oberhausen"],"_links":{"self":[{"href":"https:\/\/meier-gerdingh.de\/wp-spd-ob\/wp-json\/wp\/v2\/posts\/10053","targetHints":{"allow":["GET"]}}],"collection":[{"href":"https:\/\/meier-gerdingh.de\/wp-spd-ob\/wp-json\/wp\/v2\/posts"}],"about":[{"href":"https:\/\/meier-gerdingh.de\/wp-spd-ob\/wp-json\/wp\/v2\/types\/post"}],"author":[{"embeddable":true,"href":"https:\/\/meier-gerdingh.de\/wp-spd-ob\/wp-json\/wp\/v2\/users\/1"}],"replies":[{"embeddable":true,"href":"https:\/\/meier-gerdingh.de\/wp-spd-ob\/wp-json\/wp\/v2\/comments?post=10053"}],"version-history":[{"count":0,"href":"https:\/\/meier-gerdingh.de\/wp-spd-ob\/wp-json\/wp\/v2\/posts\/10053\/revisions"}],"wp:attachment":[{"href":"https:\/\/meier-gerdingh.de\/wp-spd-ob\/wp-json\/wp\/v2\/media?parent=10053"}],"wp:term":[{"taxonomy":"category","embeddable":true,"href":"https:\/\/meier-gerdingh.de\/wp-spd-ob\/wp-json\/wp\/v2\/categories?post=10053"},{"taxonomy":"post_tag","embeddable":true,"href":"https:\/\/meier-gerdingh.de\/wp-spd-ob\/wp-json\/wp\/v2\/tags?post=10053"},{"taxonomy":"quellen","embeddable":true,"href":"https:\/\/meier-gerdingh.de\/wp-spd-ob\/wp-json\/wp\/v2\/quellen?post=10053"}],"curies":[{"name":"wp","href":"https:\/\/api.w.org\/{rel}","templated":true}]}}