{"id":10065,"date":"2023-01-31T11:04:53","date_gmt":"2023-01-31T10:04:53","guid":{"rendered":"https:\/\/meier-gerdingh.de\/wp-spd-ob\/?p=10065"},"modified":"2023-02-01T11:16:12","modified_gmt":"2023-02-01T10:16:12","slug":"jede-menge-sterkrader-themen","status":"publish","type":"post","link":"https:\/\/meier-gerdingh.de\/wp-spd-ob\/2023\/01\/31\/jede-menge-sterkrader-themen\/","title":{"rendered":"Jede Menge Sterkrader Themen"},"content":{"rendered":"<div id=\"attachment_10063\" style=\"width: 710px\" class=\"wp-caption alignleft\"><a href=\"https:\/\/meier-gerdingh.de\/wp-spd-ob\/wp-content\/uploads\/2023\/01\/ov-sterkrade-sued-klausurtagung-23-01-lg.jpg\"><img aria-describedby=\"caption-attachment-10063\" decoding=\"async\" class=\"size-full wp-image-10063\" src=\"https:\/\/meier-gerdingh.de\/wp-spd-ob\/wp-content\/uploads\/2023\/01\/ov-sterkrade-sued-klausurtagung-23-01.jpg\" alt=\"\" width=\"700\" height=\"456\" srcset=\"https:\/\/meier-gerdingh.de\/wp-spd-ob\/wp-content\/uploads\/2023\/01\/ov-sterkrade-sued-klausurtagung-23-01.jpg 700w, https:\/\/meier-gerdingh.de\/wp-spd-ob\/wp-content\/uploads\/2023\/01\/ov-sterkrade-sued-klausurtagung-23-01-300x195.jpg 300w\" sizes=\"(max-width: 700px) 100vw, 700px\" \/><\/a><p id=\"caption-attachment-10063\" class=\"wp-caption-text\">Intensive Diskussion \u00fcber aktuelle Sterkrader Themen und st\u00e4dtebauliche Entwicklungsperspektiven: Der Ortsverein Sterkrade-S\u00fcd bei seiner Klausurtagung im &#8222;Klumpen Moritz&#8220;<\/p><\/div>\n<p>Der Ortsverein Sterkrade S\u00fcd hat am 28. Januar 2023 zu einer Klausur in den &#8222;Klumpen Moritz&#8220; eingeladen, um dort gemeinsam einen Samstagvormittag der konzentrierten politischen Arbeit zu widmen. Als Gast war der Bezirksb\u00fcrgermeister Ulrich Real geladen, der in einem lebhaften Pr\u00e4sentationsvortrag mit dem Titel &#8222;Sterkrade und seine Ortsteile auf dem Weg in die Zukunft&#8220; \u00fcber st\u00e4dtebauliche Entwicklungen und Pl\u00e4ne informierte.<\/p>\n<p>Ulrich Real berichtete \u00fcber bereits realisierte Projekte wie die Umgestaltung von Arealen an der Tirpitz- und Gartenstra\u00dfe, die nun in Form offener B\u00fcrgerpl\u00e4tze mit Spielger\u00e4ten f\u00fcr Kinder und Sitzgelegenheiten den Anwohnern attraktive Aufenthaltsorte bieten, oder die Stadtteilbibliothek in sch\u00f6n gestalteten R\u00e4umen mit Au\u00dfengarten, Repair-Caf\u00e9, Seminarr\u00e4umen und einer E-Bike-Ladestation. Lobenswert sind auch das beschlossene Fassadenprogramm, das die M\u00f6glichkeit bietet, verunstaltete oder heruntergekommene H\u00e4userfassaden zu versch\u00f6nern oder das Image-und Marketing-Konzept &#8222;Stark, St\u00e4rker, Sterkrade&#8220;.<!--more--><\/p>\n<p>In der Realisierungsphase befinden sich der Neubau des Mehrfamilienhauses mit Gesch\u00e4ftslokalen auf dem Gel\u00e4nde des alten Kaiser &amp; Ganz-Geb\u00e4udes, die Umgestaltung des Kleinen Marktes zum offenen Markt ohne Begrenzungen mit vielen B\u00e4umen und einer Wasserfont\u00e4ne, sowie Stra\u00dfenbauarbeiten im Umfeld des Sterkrader Bahnhofs oder die Entwicklung des Familiengrundschulzentrums rund um die Steinbrinkschule.<\/p>\n<p>In Planung und Verhandlungen befindet sich die Stadt noch in vielen weiteren Wunschprojekten:<\/p>\n<p>So sollen die Stadtteileing\u00e4nge am Volkspark und Neumarkt, am alten Rathaus, am Arnold-Rademacher-Platz und am Bahnhof als einladende Willkommenstore zur Innenstadt neu gedacht und entsprechend umgestaltet werden, indem zum Beispiel neue Kioske mit Au\u00dfengastronomie, Aufenthaltsorte im Gr\u00fcnen oder gut konzipierte Parkm\u00f6glichkeiten geschaffen werden. F\u00fcr das ehemalige Zechengel\u00e4nde an der Von-Trotha-Stra\u00dfe liegt bereits ein Gewinnerentwurf eines Architekten-Teams aus M\u00fcnster zum Schlaum-Wettbewerb &#8222;Vom grauen Rand zum gr\u00fcnen Band&#8220; vor.<\/p>\n<p>Ein langw\u00e4hrendes und schwierig zu l\u00f6sendes Problem stellen die Leerst\u00e4nde von Immobilien in der Sterkrader Innenstadt dar. Hier wird weiterhin versucht, mit den Besitzern des M\u00f6belhauses (Segm\u00fcller) und der Max-Bahr- und der Kaufland-Immobilie (Hirsch-Gruppe) zu einer Einigung zu kommen.<\/p>\n<p>Gro\u00dfprojekte wie der Ausbau des Sterkrader Bahnhofs unter Einbeziehung des Architekten-Konzepts &#8222;Lichtwelten&#8220; und die Bauma\u00dfnahmen an der L215n im Bereich Weseler-\/Weierstra\u00dfe im Zusammenhang mit dem Ausbau der BETUWE-Linie werden die Stadt und die B\u00fcrger noch vor gro\u00dfe Herausforderungen stellen.<\/p>\n<p>Abschlie\u00dfend gab es zur &#8222;Belohnung&#8220; f\u00fcr die Anwesenden als kleines Mittagessen die allseits beliebte Currywurst, und J\u00f6rg Schr\u00f6er verabschiedete die Genossen und Genossinen des Ortsvereins mit dem Wunsch auf eine weiterhin gute und produktive Zusammenarbeit in ein wohlverdientes erholsames Wochenende.<\/p>\n","protected":false},"excerpt":{"rendered":"<p>Der Ortsverein Sterkrade S\u00fcd hat am 28. Januar 2023 zu einer Klausur in den &#8222;Klumpen Moritz&#8220; eingeladen, um dort gemeinsam einen Samstagvormittag der konzentrierten politischen Arbeit zu widmen. Als Gast&hellip; <\/p>\n","protected":false},"author":1,"featured_media":0,"comment_status":"closed","ping_status":"closed","sticky":false,"template":"","format":"standard","meta":{"footnotes":""},"categories":[27,16,167],"tags":[1528,3371,480,1297,129,3258,3368,3373,234,3369,3204,3374,447,3370,3377,3378,46,3367,3004,3372,3376,3375],"quellen":[338],"class_list":["post-10065","post","type-post","status-publish","format-standard","hentry","category-planen-bauen-wohnen-verkehr","category-stadtentwicklung","category-stadtteile","tag-lichtwelten","tag-arnold-rademacher-platz","tag-bahnhof-sterkrade","tag-betuwe-ausbau","tag-betuwe-linie","tag-finke-moebelhaus","tag-gartenstrasse","tag-gelaende-zeche-sterkrade","tag-innenstadt-sterkrade","tag-kaiser-ganz-gebaeude","tag-klausurtagung","tag-l215n","tag-leerstaende","tag-neumarkt","tag-segmueller","tag-steinbrinkschule","tag-sterkrade","tag-tirpitzstrasse","tag-volkspark","tag-von-trotha-strasse","tag-weierstrasse","tag-weseler-strasse","quellen-ov-sterkrade-sued"],"_links":{"self":[{"href":"https:\/\/meier-gerdingh.de\/wp-spd-ob\/wp-json\/wp\/v2\/posts\/10065","targetHints":{"allow":["GET"]}}],"collection":[{"href":"https:\/\/meier-gerdingh.de\/wp-spd-ob\/wp-json\/wp\/v2\/posts"}],"about":[{"href":"https:\/\/meier-gerdingh.de\/wp-spd-ob\/wp-json\/wp\/v2\/types\/post"}],"author":[{"embeddable":true,"href":"https:\/\/meier-gerdingh.de\/wp-spd-ob\/wp-json\/wp\/v2\/users\/1"}],"replies":[{"embeddable":true,"href":"https:\/\/meier-gerdingh.de\/wp-spd-ob\/wp-json\/wp\/v2\/comments?post=10065"}],"version-history":[{"count":0,"href":"https:\/\/meier-gerdingh.de\/wp-spd-ob\/wp-json\/wp\/v2\/posts\/10065\/revisions"}],"wp:attachment":[{"href":"https:\/\/meier-gerdingh.de\/wp-spd-ob\/wp-json\/wp\/v2\/media?parent=10065"}],"wp:term":[{"taxonomy":"category","embeddable":true,"href":"https:\/\/meier-gerdingh.de\/wp-spd-ob\/wp-json\/wp\/v2\/categories?post=10065"},{"taxonomy":"post_tag","embeddable":true,"href":"https:\/\/meier-gerdingh.de\/wp-spd-ob\/wp-json\/wp\/v2\/tags?post=10065"},{"taxonomy":"quellen","embeddable":true,"href":"https:\/\/meier-gerdingh.de\/wp-spd-ob\/wp-json\/wp\/v2\/quellen?post=10065"}],"curies":[{"name":"wp","href":"https:\/\/api.w.org\/{rel}","templated":true}]}}