{"id":10066,"date":"2023-02-01T18:03:18","date_gmt":"2023-02-01T17:03:18","guid":{"rendered":"https:\/\/meier-gerdingh.de\/wp-spd-ob\/?p=10066"},"modified":"2023-02-01T18:03:18","modified_gmt":"2023-02-01T17:03:18","slug":"stadt-muss-im-foerdermanagement-viel-besser-werden","status":"publish","type":"post","link":"https:\/\/meier-gerdingh.de\/wp-spd-ob\/2023\/02\/01\/stadt-muss-im-foerdermanagement-viel-besser-werden\/","title":{"rendered":"Stadt muss im F\u00f6rdermanagement viel besser werden"},"content":{"rendered":"<div id=\"attachment_7690\" style=\"width: 170px\" class=\"wp-caption alignleft\"><a href=\"https:\/\/meier-gerdingh.de\/wp-spd-ob\/wp-content\/uploads\/2020\/11\/bongers-sonja-2020-lg.jpg\"><img aria-describedby=\"caption-attachment-7690\" decoding=\"async\" class=\"size-full wp-image-7690\" src=\"https:\/\/meier-gerdingh.de\/wp-spd-ob\/wp-content\/uploads\/2020\/11\/bongers-sonja-2020.jpg\" alt=\"\" width=\"160\" height=\"200\" \/><\/a><p id=\"caption-attachment-7690\" class=\"wp-caption-text\">Sonja Bongers ist Vorsitzende der SPD-Ratsfraktion und Mitglied des Landtags von Nordrhein-Westfalen<\/p><\/div>\n<p>Nun hat es die Stadt auch Schwarz auf Wei\u00df: Rund 730.000 Euro aus dem Landesf\u00f6rderpaket &#8222;Sofortprogramm Innenst\u00e4dte&#8220; hat Oberhausen nicht abgerufen, obwohl der Stadt 1,45 Millionen Euro bewilligt worden waren. Diese Zahlen aus einem Bericht des Ministeriums f\u00fcr Kommunales, Heimat und Bau hat die WAZ nun unter der \u00dcberschrift &#8222;Stadt &#8218;verschenkt&#8216; F\u00f6rdergeld&#8220; ver\u00f6ffentlicht.<\/p>\n<p>Doch der Artikel h\u00e4lt sich nicht beim &#8222;F\u00f6rderdebakel&#8220; (WAZ) um die Innenstadtprogramme auf, sondern erinnert auch an die weiteren F\u00e4lle der letzten Jahre, in denen Oberhausen immer wieder Gelder nicht bekommen hat oder sogar zur\u00fcckzahlen musste: sei es im Falle des Altenberger Parks, als die Stadt Fristen vers\u00e4umte, die Verz\u00f6gerung um den Multifunktionskomplex in Osterfeld wegen unvollst\u00e4ndig eingereichter F\u00f6rderunterlagen oder die Posse um eine F\u00f6rderung f\u00fcr den Umbau des Europa-Kinos.<!--more--><\/p>\n<p>&#8222;Das Dickicht im F\u00f6rderdschungel ist schon sehr schwer zu durchdringen&#8220;, erkl\u00e4rt die Fraktionsvorsitzende der SPD, Sonja Bongers, &#8222;Fristen sind bisweilen recht kurz, die Personallage tut ihr \u00dcbriges&#8220;, so die Landtagsabgeordnete, die die Verwaltung indes nicht aus ihrer Verantwortung l\u00e4sst. &#8222;Andere Kommunen sind da besser aufgestellt als wir. Eine Stadt, die so auf F\u00f6rdergelder angewiesen ist wie Oberhausen, darf sich solche Summen einfach nicht entgehen lassen.&#8220; Zum Vergleich: Duisburg hat laut WAZ rund 80 Prozent der Mittel abgerufen, Oberhausen hingegen nur knapp die H\u00e4lfte.<\/p>\n<p>&#8222;Eine wichtige Basis f\u00fcr das gezielte Abrufen von F\u00f6rdergeldern ist auch das Vorhandensein von Konzepten&#8220;, erg\u00e4nzt der planungspolitische Sprecher der SPD, Ulrich Real. &#8222;Gibt es f\u00fcr das aufgerufene F\u00f6rderprogramm ein planerisches Grundkonzept bei der Fachverwaltung, k\u00f6nnen F\u00f6rderantr\u00e4ge zielgerichtet und schnell beantragt werden.&#8220;<\/p>\n<p>Die Erkenntnis, hier deutlich besser werden zu m\u00fcssen, hat sich bei den Sozialdemokraten schon lange durchgesetzt. Bereits 2015 hatte die Koalition aus SPD, Gr\u00fcnen und FDP die Einrichtung eines zentralen F\u00f6rdermanagements zur Akquirierung von Drittmitteln beantragt. Die SPD forderte Ende 2021 die Evaluierung des zentralen F\u00f6rdermanagements. Dem Haupt- und Finanzausschuss wurde seitdem einmal berichtet.<\/p>\n","protected":false},"excerpt":{"rendered":"<p>Nun hat es die Stadt auch Schwarz auf Wei\u00df: Rund 730.000 Euro aus dem Landesf\u00f6rderpaket &#8222;Sofortprogramm Innenst\u00e4dte&#8220; hat Oberhausen nicht abgerufen, obwohl der Stadt 1,45 Millionen Euro bewilligt worden waren.&hellip; <\/p>\n","protected":false},"author":1,"featured_media":0,"comment_status":"closed","ping_status":"closed","sticky":false,"template":"","format":"standard","meta":{"footnotes":""},"categories":[16,167,896],"tags":[3382,1566,2869,3380,864,3381,957,3379,5,2330],"quellen":[326],"class_list":["post-10066","post","type-post","status-publish","format-standard","hentry","category-stadtentwicklung","category-stadtteile","category-stadtverwaltung","tag-sofortprogramm-innenstaedte","tag-altenberger-park","tag-europa-kino","tag-foerderantraege","tag-foerdergelder","tag-foerdermanagement","tag-foerdermittel","tag-foerderung","tag-landesfoerderung","tag-multifunktionskomplex-osterfeld","quellen-spd-fraktion-oberhausen"],"_links":{"self":[{"href":"https:\/\/meier-gerdingh.de\/wp-spd-ob\/wp-json\/wp\/v2\/posts\/10066","targetHints":{"allow":["GET"]}}],"collection":[{"href":"https:\/\/meier-gerdingh.de\/wp-spd-ob\/wp-json\/wp\/v2\/posts"}],"about":[{"href":"https:\/\/meier-gerdingh.de\/wp-spd-ob\/wp-json\/wp\/v2\/types\/post"}],"author":[{"embeddable":true,"href":"https:\/\/meier-gerdingh.de\/wp-spd-ob\/wp-json\/wp\/v2\/users\/1"}],"replies":[{"embeddable":true,"href":"https:\/\/meier-gerdingh.de\/wp-spd-ob\/wp-json\/wp\/v2\/comments?post=10066"}],"version-history":[{"count":0,"href":"https:\/\/meier-gerdingh.de\/wp-spd-ob\/wp-json\/wp\/v2\/posts\/10066\/revisions"}],"wp:attachment":[{"href":"https:\/\/meier-gerdingh.de\/wp-spd-ob\/wp-json\/wp\/v2\/media?parent=10066"}],"wp:term":[{"taxonomy":"category","embeddable":true,"href":"https:\/\/meier-gerdingh.de\/wp-spd-ob\/wp-json\/wp\/v2\/categories?post=10066"},{"taxonomy":"post_tag","embeddable":true,"href":"https:\/\/meier-gerdingh.de\/wp-spd-ob\/wp-json\/wp\/v2\/tags?post=10066"},{"taxonomy":"quellen","embeddable":true,"href":"https:\/\/meier-gerdingh.de\/wp-spd-ob\/wp-json\/wp\/v2\/quellen?post=10066"}],"curies":[{"name":"wp","href":"https:\/\/api.w.org\/{rel}","templated":true}]}}