{"id":10078,"date":"2023-02-03T18:16:30","date_gmt":"2023-02-03T17:16:30","guid":{"rendered":"https:\/\/meier-gerdingh.de\/wp-spd-ob\/?p=10078"},"modified":"2023-02-04T12:00:20","modified_gmt":"2023-02-04T11:00:20","slug":"creative-city-soll-europahaus-ins-visier-nehmen","status":"publish","type":"post","link":"https:\/\/meier-gerdingh.de\/wp-spd-ob\/2023\/02\/03\/creative-city-soll-europahaus-ins-visier-nehmen\/","title":{"rendered":"&#8222;Creative City&#8220; soll Europahaus ins Visier nehmen"},"content":{"rendered":"<div id=\"attachment_7693\" style=\"width: 170px\" class=\"wp-caption alignleft\"><a href=\"https:\/\/meier-gerdingh.de\/wp-spd-ob\/wp-content\/uploads\/2020\/11\/scherer-axel-2020-lg.jpg\"><img aria-describedby=\"caption-attachment-7693\" decoding=\"async\" class=\"size-full wp-image-7693\" src=\"https:\/\/meier-gerdingh.de\/wp-spd-ob\/wp-content\/uploads\/2020\/11\/scherer-axel-2020.jpg\" alt=\"\" width=\"160\" height=\"200\" \/><\/a><p id=\"caption-attachment-7693\" class=\"wp-caption-text\">Axel J. Scherer ist kulturpolitischer Sprecher der SPD-Ratsfraktion<\/p><\/div>\n<p>Leerst\u00e4nde im Europahaus sollten f\u00fcr Kunst und Kultur genutzt, die Kosten aus dem Programm &#8222;Creative City&#8220; bestritten werden. Daf\u00fcr hat sich nun der Arbeitskreis &#8222;Kultur&#8220; der SPD-Ratsfraktion ausgesprochen. &#8222;Ziel des Programms ist schlie\u00dflich die Belebung unserer Innenstadt durch kulturelles Leben, etwa in Form von Galerien oder Werkst\u00e4tten&#8220;, erkl\u00e4rt Axel J. Scherer, kulturpolitischer Sprecher der Rats-SPD. Nach dem Auszug des Fraktionsb\u00fcros der Linken Liste und der Schlie\u00dfung des Caf\u00e9 Klatsch sind j\u00fcngst zwei weitere Leerst\u00e4nde in dem markanten Innenstadtgeb\u00e4ude hinzugekommen.<\/p>\n<p>&#8222;Creative City&#8220; ist ein mit drei Millionen Euro unterf\u00fcttertes Projekt, das es zum Ziel hat, verloren gegangene urbane Qualit\u00e4t zum Teil zu ersetzen und ein positiv wirkendes und resilienteres Innenstadtleben zu etablieren. Teilprojekte sind hier etwa ein Kreativquartiersmanagement mit Reallaboren sowie ein K\u00fcnstlertreff mit Artothek und Literaturhaus.<!--more--><\/p>\n<p>Der besorgniserregende Zuwachs an Leerst\u00e4nden in der Innenstadt auf der einen Seite und die unmittelbare N\u00e4he zu etablierten Kultureinrichtungen mit der Aussicht auf Synergien auf der anderen Seite sind nach Ansicht der SPD gute Gr\u00fcnde, im Rahmen von &#8222;Creative City2&#8220; dort t\u00e4tig zu werden.<\/p>\n","protected":false},"excerpt":{"rendered":"<p>Leerst\u00e4nde im Europahaus sollten f\u00fcr Kunst und Kultur genutzt, die Kosten aus dem Programm &#8222;Creative City&#8220; bestritten werden. Daf\u00fcr hat sich nun der Arbeitskreis &#8222;Kultur&#8220; der SPD-Ratsfraktion ausgesprochen. &#8222;Ziel des&hellip; <\/p>\n","protected":false},"author":1,"featured_media":0,"comment_status":"closed","ping_status":"closed","sticky":false,"template":"","format":"standard","meta":{"footnotes":""},"categories":[40,167],"tags":[3383,309,1924,198,2053,359,447],"quellen":[326],"class_list":["post-10078","post","type-post","status-publish","format-standard","hentry","category-kultur","category-stadtteile","tag-creative-city","tag-ak-kultur","tag-cafe-klatsch","tag-city-alt-oberhausen","tag-europahaus","tag-innenstadt-alt-oberhausen","tag-leerstaende","quellen-spd-fraktion-oberhausen"],"_links":{"self":[{"href":"https:\/\/meier-gerdingh.de\/wp-spd-ob\/wp-json\/wp\/v2\/posts\/10078","targetHints":{"allow":["GET"]}}],"collection":[{"href":"https:\/\/meier-gerdingh.de\/wp-spd-ob\/wp-json\/wp\/v2\/posts"}],"about":[{"href":"https:\/\/meier-gerdingh.de\/wp-spd-ob\/wp-json\/wp\/v2\/types\/post"}],"author":[{"embeddable":true,"href":"https:\/\/meier-gerdingh.de\/wp-spd-ob\/wp-json\/wp\/v2\/users\/1"}],"replies":[{"embeddable":true,"href":"https:\/\/meier-gerdingh.de\/wp-spd-ob\/wp-json\/wp\/v2\/comments?post=10078"}],"version-history":[{"count":0,"href":"https:\/\/meier-gerdingh.de\/wp-spd-ob\/wp-json\/wp\/v2\/posts\/10078\/revisions"}],"wp:attachment":[{"href":"https:\/\/meier-gerdingh.de\/wp-spd-ob\/wp-json\/wp\/v2\/media?parent=10078"}],"wp:term":[{"taxonomy":"category","embeddable":true,"href":"https:\/\/meier-gerdingh.de\/wp-spd-ob\/wp-json\/wp\/v2\/categories?post=10078"},{"taxonomy":"post_tag","embeddable":true,"href":"https:\/\/meier-gerdingh.de\/wp-spd-ob\/wp-json\/wp\/v2\/tags?post=10078"},{"taxonomy":"quellen","embeddable":true,"href":"https:\/\/meier-gerdingh.de\/wp-spd-ob\/wp-json\/wp\/v2\/quellen?post=10078"}],"curies":[{"name":"wp","href":"https:\/\/api.w.org\/{rel}","templated":true}]}}