{"id":1008,"date":"2012-10-30T17:00:00","date_gmt":"2012-10-30T15:00:00","guid":{"rendered":"http:\/\/www.meier-gerdingh.de\/spd-oberhausen\/wp\/?p=1008"},"modified":"2017-05-17T16:55:10","modified_gmt":"2017-05-17T14:55:10","slug":"spd-wuenscht-sich-mehr-gelassenheit-in-der-diskussion-um-fussgaengerzonen","status":"publish","type":"post","link":"https:\/\/meier-gerdingh.de\/wp-spd-ob\/2012\/10\/30\/spd-wuenscht-sich-mehr-gelassenheit-in-der-diskussion-um-fussgaengerzonen\/","title":{"rendered":"SPD w\u00fcnscht sich mehr Gelassenheit in der Diskussion um Fu\u00dfg\u00e4ngerzonen"},"content":{"rendered":"<div style=\"width: 150px\" class=\"wp-caption alignleft\"><a href=\"http:\/\/meier-gerdingh.de\/wp-spd-ob\/wp-content\/uploads\/grosse_broemer_wolfgang_12.jpg\"><img decoding=\"async\" class=\"size-full\" src=\"http:\/\/meier-gerdingh.de\/wp-spd-ob\/wp-content\/uploads\/grosse_broemer_wolfgang_12.jpg\" alt=\"Wolfgang Gro\u00dfe Br\u00f6mer ist Vorsitzender der SPD-Ratsfraktion Oberhausen und Mitglied des Landtags von Nordrhein-Westfalen\" width=\"140\" height=\"169\" \/><\/a><p class=\"wp-caption-text\">Wolfgang Gro\u00dfe Br\u00f6mer ist Vorsitzender der SPD-Ratsfraktion Oberhausen und Mitglied des Landtags von Nordrhein-Westfalen<\/p><\/div>\n<p>&#8222;Eine Atempause tut gut&#8220;, r\u00e4t SPD-Fraktionsvorsitzender Wolfgang Gro\u00dfe Br\u00f6mer anl\u00e4sslich der aus seiner Sicht v\u00f6llig \u00fcbertriebenen Reaktionen auf die vom Sterkrader Bezirksb\u00fcrgermeister Dieter Jan\u00dfen (SPD) angeregte Diskussion \u00fcber Fu\u00dfg\u00e4ngerzonen in Innenstadtbereichen. &#8222;Es geht doch \u00fcberhaupt nicht um die generelle \u00d6ffnung aller Fu\u00dfg\u00e4ngerzonen in Oberhausen f\u00fcr den PKW-Verkehr. Allerdings m\u00fcssen Einrichtungen wie Apotheken oder \u00c4rzteh\u00e4user gerade f\u00fcr \u00e4ltere und gehbehinderte Menschen erreichbar sein. Hier sind pragmatische L\u00f6sungen gefragt statt verbaler Kraftmeiereien.&#8220;<!--more--><\/p>\n<p>Gro\u00dfe Br\u00f6mer: &#8222;Es lohnt sich tats\u00e4chlich, diesem Thema in Ruhe und mit Sorgfalt auf den Grund zu gehen, denn was vor x-Jahren mal zur langfristigen Bindung von Zuschusszahlungen gef\u00fchrt hat, kann sich doch im Laufe der Zeit als Fehleinsch\u00e4tzung entpuppen, die man ma\u00dfvoll korrigieren muss.&#8220; In erster Linie, so Gro\u00dfe Br\u00f6mer weiter, erhoffe er sich eine gr\u00fcndliche und unvoreingenommene Pr\u00fcfung der Situation.<\/p>\n<p>&#8222;In der Vergangenheit sind wir immer davon ausgegangen, dass D\u00fcsseldorf auf die R\u00fcckzahlung der Zusch\u00fcsse pocht. Wir hoffen aber, dass die D\u00fcsseldorfer Zuschussgeber die zwischenzeitlich ver\u00e4nderten Rahmenbedingungen f\u00fcr die Innenst\u00e4dte erkannt haben und flexible L\u00f6sungsans\u00e4tze unterst\u00fctzen&#8220;, erl\u00e4utert Gr\u00f6\u00dfe Br\u00f6mer. &#8222;Wir warten nun gespannt auf das Antwortschreiben der Regierungspr\u00e4sidentin an Bezirksb\u00fcrgermeister Dieter Jan\u00dfen.&#8220;<\/p>\n","protected":false},"excerpt":{"rendered":"<p>&#8222;Eine Atempause tut gut&#8220;, r\u00e4t SPD-Fraktionsvorsitzender Wolfgang Gro\u00dfe Br\u00f6mer anl\u00e4sslich der aus seiner Sicht v\u00f6llig \u00fcbertriebenen Reaktionen auf die vom Sterkrader Bezirksb\u00fcrgermeister Dieter Jan\u00dfen (SPD) angeregte Diskussion \u00fcber Fu\u00dfg\u00e4ngerzonen in&hellip; <\/p>\n","protected":false},"author":1,"featured_media":0,"comment_status":"closed","ping_status":"closed","sticky":false,"template":"","format":"standard","meta":{"footnotes":""},"categories":[1],"tags":[],"quellen":[],"class_list":["post-1008","post","type-post","status-publish","format-standard","hentry","category-allgemein"],"_links":{"self":[{"href":"https:\/\/meier-gerdingh.de\/wp-spd-ob\/wp-json\/wp\/v2\/posts\/1008","targetHints":{"allow":["GET"]}}],"collection":[{"href":"https:\/\/meier-gerdingh.de\/wp-spd-ob\/wp-json\/wp\/v2\/posts"}],"about":[{"href":"https:\/\/meier-gerdingh.de\/wp-spd-ob\/wp-json\/wp\/v2\/types\/post"}],"author":[{"embeddable":true,"href":"https:\/\/meier-gerdingh.de\/wp-spd-ob\/wp-json\/wp\/v2\/users\/1"}],"replies":[{"embeddable":true,"href":"https:\/\/meier-gerdingh.de\/wp-spd-ob\/wp-json\/wp\/v2\/comments?post=1008"}],"version-history":[{"count":0,"href":"https:\/\/meier-gerdingh.de\/wp-spd-ob\/wp-json\/wp\/v2\/posts\/1008\/revisions"}],"wp:attachment":[{"href":"https:\/\/meier-gerdingh.de\/wp-spd-ob\/wp-json\/wp\/v2\/media?parent=1008"}],"wp:term":[{"taxonomy":"category","embeddable":true,"href":"https:\/\/meier-gerdingh.de\/wp-spd-ob\/wp-json\/wp\/v2\/categories?post=1008"},{"taxonomy":"post_tag","embeddable":true,"href":"https:\/\/meier-gerdingh.de\/wp-spd-ob\/wp-json\/wp\/v2\/tags?post=1008"},{"taxonomy":"quellen","embeddable":true,"href":"https:\/\/meier-gerdingh.de\/wp-spd-ob\/wp-json\/wp\/v2\/quellen?post=1008"}],"curies":[{"name":"wp","href":"https:\/\/api.w.org\/{rel}","templated":true}]}}