{"id":10081,"date":"2023-02-03T23:18:02","date_gmt":"2023-02-03T22:18:02","guid":{"rendered":"https:\/\/meier-gerdingh.de\/wp-spd-ob\/?p=10081"},"modified":"2023-02-23T09:19:27","modified_gmt":"2023-02-23T08:19:27","slug":"spd-laedt-zur-informationsveranstaltung-zum-bau-einer-neuen-gesamtschule-ein","status":"publish","type":"post","link":"https:\/\/meier-gerdingh.de\/wp-spd-ob\/2023\/02\/03\/spd-laedt-zur-informationsveranstaltung-zum-bau-einer-neuen-gesamtschule-ein\/","title":{"rendered":"SPD l\u00e4dt zur Informationsveranstaltung zum &#8222;Bau einer neuen Gesamtschule&#8220; ein"},"content":{"rendered":"<p><a href=\"https:\/\/meier-gerdingh.de\/wp-spd-ob\/wp-content\/uploads\/2023\/02\/spd-ob-25-banner-themenwerkstaetten-03.png\"><img decoding=\"async\" class=\"aligncenter size-full wp-image-10075\" src=\"https:\/\/meier-gerdingh.de\/wp-spd-ob\/wp-content\/uploads\/2023\/02\/spd-ob-25-banner-themenwerkstaetten-03.png\" alt=\"\" width=\"700\" height=\"200\" srcset=\"https:\/\/meier-gerdingh.de\/wp-spd-ob\/wp-content\/uploads\/2023\/02\/spd-ob-25-banner-themenwerkstaetten-03.png 700w, https:\/\/meier-gerdingh.de\/wp-spd-ob\/wp-content\/uploads\/2023\/02\/spd-ob-25-banner-themenwerkstaetten-03-300x86.png 300w\" sizes=\"(max-width: 700px) 100vw, 700px\" \/><\/a>Die SPD Oberhausen l\u00e4dt mit der Themen-Werkstatt &#8222;Bildung und Sport&#8220; alle B\u00fcrgerinnen und B\u00fcrger zu einer Informationsveranstaltung zum Bau einer neuen Gesamtschule ein. Diese findet statt am <strong>Mittwoch, 8. Februar 2023, 19.00 Uhr<\/strong>, im <strong>Technischen Rathaus in Sterkrade<\/strong>. Eine <strong>verbindliche Anmeldung<\/strong> ist bis zum 06.02.2023 unter <a href=\"mailto:info@spd-oberhausen.de\">info@spd-oberhausen.de<\/a> oder <strong>0208\/23334<\/strong>, m\u00f6glich.<\/p>\n<p>Im Jahr 2024 soll der Bau einer sechsz\u00fcgigen Gesamtschule mit zwei Sporthallen in Alt-Oberhausen beginnen. Grund genug f\u00fcr die Sozialdemokraten, sich \u00fcber das Bauvorhaben und die neuen Anforderungen an Schulbildung und Sport zu informieren.<!--more--><\/p>\n<p>Als Referenten werden <strong>Horst Kalthoff<\/strong> (<em>Betriebsleiter SBO Servicebetrieb Oberhausen<\/em>) und <strong>Ute Jordan-Ecker<\/strong> (<em>Bereichsleiterin Schule der Stadt Oberhausen<\/em>) \u00fcber das neue Bauprojekt informieren.<\/p>\n","protected":false},"excerpt":{"rendered":"<p>Die SPD Oberhausen l\u00e4dt mit der Themen-Werkstatt &#8222;Bildung und Sport&#8220; alle B\u00fcrgerinnen und B\u00fcrger zu einer Informationsveranstaltung zum Bau einer neuen Gesamtschule ein. Diese findet statt am Mittwoch, 8. Februar&hellip; <\/p>\n","protected":false},"author":1,"featured_media":0,"comment_status":"closed","ping_status":"closed","sticky":false,"template":"","format":"standard","meta":{"footnotes":""},"categories":[231,2,171],"tags":[2458,2457,2894,2459,2507,1470,3384],"quellen":[327,3404],"class_list":["post-10081","post","type-post","status-publish","format-standard","hentry","category-bildung","category-schule","category-veranstaltungen","tag-5-gesamtschule","tag-gesamtschulen","tag-hauptschule-st-michael","tag-knappenviertel","tag-neue-gesamtschule","tag-sporthallen","tag-themen-werkstatt-bildung-und-sport","quellen-spd-unterbezirk-oberhausen","quellen-tw-3-bildung-sport"],"_links":{"self":[{"href":"https:\/\/meier-gerdingh.de\/wp-spd-ob\/wp-json\/wp\/v2\/posts\/10081","targetHints":{"allow":["GET"]}}],"collection":[{"href":"https:\/\/meier-gerdingh.de\/wp-spd-ob\/wp-json\/wp\/v2\/posts"}],"about":[{"href":"https:\/\/meier-gerdingh.de\/wp-spd-ob\/wp-json\/wp\/v2\/types\/post"}],"author":[{"embeddable":true,"href":"https:\/\/meier-gerdingh.de\/wp-spd-ob\/wp-json\/wp\/v2\/users\/1"}],"replies":[{"embeddable":true,"href":"https:\/\/meier-gerdingh.de\/wp-spd-ob\/wp-json\/wp\/v2\/comments?post=10081"}],"version-history":[{"count":0,"href":"https:\/\/meier-gerdingh.de\/wp-spd-ob\/wp-json\/wp\/v2\/posts\/10081\/revisions"}],"wp:attachment":[{"href":"https:\/\/meier-gerdingh.de\/wp-spd-ob\/wp-json\/wp\/v2\/media?parent=10081"}],"wp:term":[{"taxonomy":"category","embeddable":true,"href":"https:\/\/meier-gerdingh.de\/wp-spd-ob\/wp-json\/wp\/v2\/categories?post=10081"},{"taxonomy":"post_tag","embeddable":true,"href":"https:\/\/meier-gerdingh.de\/wp-spd-ob\/wp-json\/wp\/v2\/tags?post=10081"},{"taxonomy":"quellen","embeddable":true,"href":"https:\/\/meier-gerdingh.de\/wp-spd-ob\/wp-json\/wp\/v2\/quellen?post=10081"}],"curies":[{"name":"wp","href":"https:\/\/api.w.org\/{rel}","templated":true}]}}