{"id":1009,"date":"2012-10-31T17:00:00","date_gmt":"2012-10-31T15:00:00","guid":{"rendered":"http:\/\/www.meier-gerdingh.de\/spd-oberhausen\/wp\/?p=1009"},"modified":"2017-05-17T16:54:51","modified_gmt":"2017-05-17T14:54:51","slug":"steuerabkommen-legitimiert-steuerbetrug","status":"publish","type":"post","link":"https:\/\/meier-gerdingh.de\/wp-spd-ob\/2012\/10\/31\/steuerabkommen-legitimiert-steuerbetrug\/","title":{"rendered":"Steuerabkommen legitimiert Steuerbetrug"},"content":{"rendered":"<div style=\"width: 150px\" class=\"wp-caption alignleft\"><a href=\"http:\/\/meier-gerdingh.de\/wp-spd-ob\/wp-content\/uploads\/zimkeit_stefan_12.jpg\"><img decoding=\"async\" class=\"size-full\" src=\"http:\/\/meier-gerdingh.de\/wp-spd-ob\/wp-content\/uploads\/zimkeit_stefan_12.jpg\" alt=\"Stefan Zimkeit ist Landtagsabgeordneter f\u00fcr Sterkrade und Dinslaken\" width=\"140\" height=\"169\" \/><\/a><p class=\"wp-caption-text\">Stefan Zimkeit ist Landtagsabgeordneter f\u00fcr Sterkrade und Dinslaken<\/p><\/div>\n<p>Stefan Zimkeit hat sich im Finanzausschuss des D\u00fcsseldorfer Landtags erneut gegen das Steuerabkommen mit der Schweiz ausgesprochen. &#8222;Der Ehrliche ist der Dumme&#8220;, sagte der Abgeordnete Zimkeit \u00fcber das von der Bundesregierung ausgehandelte Abkommen. &#8222;Denn es legitimiert Steuerbetrug. Eine Regelung, die Betr\u00fcgern Anonymit\u00e4t zusichert, sei inakzeptabel.<!--more--><\/p>\n<p>Die Bundesregierung hat schlecht verhandelt. Das Abkommen ist ungerecht und erschwert die Arbeit unserer Steuerfahnder. Zimkeit hielt der CDU vor, die von ihr vertretene &#8222;Null-Toleranz-Politik&#8220; nur gegen\u00fcber Beziehern von Sozialleistungen durchsetzen zu wollen.<\/p>\n<p>&#8222;Wer der Gesellschaft Millionensummen vorenth\u00e4lt, handelt kriminell&#8220;, betonte der stellvertretende finanzpolitische Sprecher der SPD-Fraktion. &#8222;Zumal es sich oft um Schwarzgeld handelt, manchmal sogar um Geldw\u00e4sche. Ich habe f\u00fcr das Gesch\u00e4ftsmodell der schweizerischen Banken \u00fcberhaupt kein Verst\u00e4ndnis&#8220;, begr\u00fcndete Stefan Zimkeit seine Forderung, das Steuerabkommen neu zu verhandeln.<\/p>\n","protected":false},"excerpt":{"rendered":"<p>Stefan Zimkeit hat sich im Finanzausschuss des D\u00fcsseldorfer Landtags erneut gegen das Steuerabkommen mit der Schweiz ausgesprochen. &#8222;Der Ehrliche ist der Dumme&#8220;, sagte der Abgeordnete Zimkeit \u00fcber das von der&hellip; <\/p>\n","protected":false},"author":1,"featured_media":0,"comment_status":"closed","ping_status":"closed","sticky":false,"template":"","format":"standard","meta":{"footnotes":""},"categories":[1],"tags":[],"quellen":[],"class_list":["post-1009","post","type-post","status-publish","format-standard","hentry","category-allgemein"],"_links":{"self":[{"href":"https:\/\/meier-gerdingh.de\/wp-spd-ob\/wp-json\/wp\/v2\/posts\/1009","targetHints":{"allow":["GET"]}}],"collection":[{"href":"https:\/\/meier-gerdingh.de\/wp-spd-ob\/wp-json\/wp\/v2\/posts"}],"about":[{"href":"https:\/\/meier-gerdingh.de\/wp-spd-ob\/wp-json\/wp\/v2\/types\/post"}],"author":[{"embeddable":true,"href":"https:\/\/meier-gerdingh.de\/wp-spd-ob\/wp-json\/wp\/v2\/users\/1"}],"replies":[{"embeddable":true,"href":"https:\/\/meier-gerdingh.de\/wp-spd-ob\/wp-json\/wp\/v2\/comments?post=1009"}],"version-history":[{"count":0,"href":"https:\/\/meier-gerdingh.de\/wp-spd-ob\/wp-json\/wp\/v2\/posts\/1009\/revisions"}],"wp:attachment":[{"href":"https:\/\/meier-gerdingh.de\/wp-spd-ob\/wp-json\/wp\/v2\/media?parent=1009"}],"wp:term":[{"taxonomy":"category","embeddable":true,"href":"https:\/\/meier-gerdingh.de\/wp-spd-ob\/wp-json\/wp\/v2\/categories?post=1009"},{"taxonomy":"post_tag","embeddable":true,"href":"https:\/\/meier-gerdingh.de\/wp-spd-ob\/wp-json\/wp\/v2\/tags?post=1009"},{"taxonomy":"quellen","embeddable":true,"href":"https:\/\/meier-gerdingh.de\/wp-spd-ob\/wp-json\/wp\/v2\/quellen?post=1009"}],"curies":[{"name":"wp","href":"https:\/\/api.w.org\/{rel}","templated":true}]}}