{"id":10099,"date":"2022-04-05T16:32:20","date_gmt":"2022-04-05T14:32:20","guid":{"rendered":"https:\/\/meier-gerdingh.de\/wp-spd-ob\/?p=10099"},"modified":"2023-02-04T16:34:12","modified_gmt":"2023-02-04T15:34:12","slug":"diese-woche-im-bundestag-16","status":"publish","type":"post","link":"https:\/\/meier-gerdingh.de\/wp-spd-ob\/2022\/04\/05\/diese-woche-im-bundestag-16\/","title":{"rendered":"Diese Woche im Bundestag"},"content":{"rendered":"<header class=\"dv-entry-header\">\n   <a href=\"https:\/\/meier-gerdingh.de\/wp-spd-ob\/wp-content\/uploads\/2023\/01\/banner-die-woche-im-bundestag.jpg\"><img decoding=\"async\" src=\"https:\/\/meier-gerdingh.de\/wp-spd-ob\/wp-content\/uploads\/2023\/01\/banner-die-woche-im-bundestag.jpg\" alt=\"\" width=\"700\" height=\"315\" class=\"aligncenter size-full wp-image-10029\" srcset=\"https:\/\/meier-gerdingh.de\/wp-spd-ob\/wp-content\/uploads\/2023\/01\/banner-die-woche-im-bundestag.jpg 700w, https:\/\/meier-gerdingh.de\/wp-spd-ob\/wp-content\/uploads\/2023\/01\/banner-die-woche-im-bundestag-300x135.jpg 300w\" sizes=\"(max-width: 700px) 100vw, 700px\" \/><\/a><br \/>\n<\/header>\n<div id=\"dv-ws\">\n<div class=\"dv-generic-row\">\n<div class=\"dv-generic-col-1 empty\">&nbsp;<\/div>\n<div class=\"dv-generic-cols-2-3\">\n<h2 class=\"dv-ws-date\">DO | 07. April 2022 | 28.&nbsp;Sitzung<\/h2>\n<\/p><\/div>\n<\/p><\/div>\n<div class=\"module-ws dv-ws-item\">\n<div class=\"dv-generic-row\">\n<div class=\"dv-generic-col-1\">\n<div class=\"dv-ws-top\">TOP 8<\/div>\n<\/p><\/div>\n<div class=\"dv-generic-cols-2-3\">\n<h3 class=\"dv-ws-headline\">F\u00fcr eine geschlechtergerechte Digitalisierung<\/h3>\n<\/p><\/div>\n<\/p><\/div>\n<div class=\"dv-generic-row\">\n<div class=\"dv-generic-col-1\">\n<div class=\"dv-ws-issue\">Gleichstellung<\/div>\n<\/p><\/div>\n<div class=\"dv-generic-cols-2-3\">\n<div class=\"dv-ws-intro-text\">\n<p>Der <a href=\"https:\/\/dserver.bundestag.de\/btd\/19\/307\/1930750.pdf\">dritte Gleichstellungsbericht der Bundesregierung<\/a> mit dem Titel &#8222;Digitalisierung geschlechtergerecht gestalten&#8220; wird dem Bundestag in dieser Woche vorgelegt und debattiert. Dem Bericht liegt ein Gutachten zugrunde, in dem die Sachverst\u00e4ndigen zu einem klaren Fazit kommen: Der digitale Wandel muss von Frauen und M\u00e4nnern gleicherma\u00dfen vorangebracht werden. <span class=\"collapsible-ws\"><i class=\"fa-solid fa-turn-down rotate\"><\/i><\/span><\/p>\n<\/p><\/div>\n<\/p><\/div>\n<\/p><\/div>\n<div class=\"body-ws dv-generic-row\" style=\"display: none;\">\n<div class=\"dv-generic-col-1 empty\">&nbsp;<\/div>\n<div class=\"dv-generic-cols-2-3\">\n<div class=\"dv-ws-main-text\">\n<p>Bislang sind Frauen etwa in der Digitalbranche stark unterrepr\u00e4sentiert; die meisten Start-ups im Bereich Digitalisierung werden von M\u00e4nnern gegr\u00fcndet. Dies h\u00e4ngt vor allem mit strukturellen Faktoren zusammen: mangelnde Vereinbarkeit von Familie und Beruf, fehlende soziale Absicherung, aber auch Geschlechterstereotypen spielen eine Rolle. Deshalb braucht es mehr Unterst\u00fctzung f\u00fcr Frauen, besseren Zugang zu Kapital und mehr Sichtbarkeit durch Kampagnen. Zudem sind geeignete Strukturen notwendig, um Gleichstellung in der Digitalisierung sicherzustellen.<\/p>\n<p>Ein weiteres Thema, das im Bericht behandelt wird, sind diskriminierungsfreie Algorithmen &#8211; also lernende KI-Systeme, deren Trainingsdaten keine Stereotype oder diskriminierende Strukturen abbilden d\u00fcrfen. Weitere Schwerpunkte sind die Themen Plattform\u00f6konomie, Homeoffice und Sorgearbeit sowie geschlechtsbezogene digitale Gewalt in den sozialen Netzwerken.<\/p>\n<\/p><\/div>\n<\/p><\/div>\n<\/p><\/div>\n<\/p><\/div>\n<div class=\"module-ws dv-ws-item\">\n<div class=\"dv-generic-row\">\n<div class=\"dv-generic-col-1\">\n<div class=\"dv-ws-top\">TOP 11<\/div>\n<\/p><\/div>\n<div class=\"dv-generic-cols-2-3\">\n<h3 class=\"dv-ws-headline\">Frieden in Libyen sicherstellen<\/h3>\n<\/p><\/div>\n<\/p><\/div>\n<div class=\"dv-generic-row\">\n<div class=\"dv-generic-col-1\">\n<div class=\"dv-ws-issue\">Auslandseins\u00e4tze<\/div>\n<\/p><\/div>\n<div class=\"dv-generic-cols-2-3\">\n<div class=\"dv-ws-intro-text\">\n<p>Seit mehr zehn Jahren herrscht in Libyen ein B\u00fcrgerkrieg, der das Land politisch wie wirtschaftlich spaltet. Gemeinsam mit den Vereinten Nationen hat die Bundesregierung 2019 den so genannten &#8222;Berliner Prozess&#8220; angesto\u00dfen, um Frieden und Stabilit\u00e4t in Libyen zu gew\u00e4hrleisten. <span class=\"collapsible-ws\"><i class=\"fa-solid fa-turn-down rotate\"><\/i><\/span><\/p>\n<\/p><\/div>\n<\/p><\/div>\n<\/p><\/div>\n<div class=\"body-ws dv-generic-row\" style=\"display: none;\">\n<div class=\"dv-generic-col-1 empty\">&nbsp;<\/div>\n<div class=\"dv-generic-cols-2-3\">\n<div class=\"dv-ws-main-text\">\n<p>Trotz einiger Erfolge in den letzten Jahren hat sich die Situation wieder versch\u00e4rft. Regelm\u00e4\u00dfige Verst\u00f6\u00dfe gegen das Waffenembargo der Vereinten Nationen sowie die hohe Anzahl ausl\u00e4ndischer S\u00f6ldner:innen und islamistischer Terrororganisationen gef\u00e4hrden den Friedensprozess im Land.<\/p>\n<p>Das Engagement der internationalen Staatengemeinschaft in Libyen bleibt daher weiterhin notwendig. <\/p>\n<p>Seit Februar 2020 engagiert sich die Bundeswehr im Rahmen der EU-Mission EUNAVFOR MED IRINI. Sie leistet einen wichtigen Beitrag zur Umsetzung des von den Vereinten Nationen gegen Libyen verh\u00e4ngten Waffenembargos. <\/p>\n<p>Der Einsatz umfasst dar\u00fcber hinaus die Bek\u00e4mpfung von Schleuser:innen, die Eind\u00e4mmung der illegalen Ausfuhr von Erd\u00f6l sowie die Seenotrettung von Gefl\u00fcchteten. <\/p>\n<p>Angesichts des wiederholt inakzeptablen Verhaltens einzelner Einheiten der libyschen K\u00fcstenwache gegen\u00fcber Fl\u00fcchtlingen und Nichtregierungsorganisationen wird sich die Bundeswehr k\u00fcnftig allerdings nicht mehr an der Ausbildung der libyschen K\u00fcstenwache beteiligen.<\/p>\n<p>Das Mandat umfasst weiterhin bis zu 300 Soldat:innen, wird regelm\u00e4\u00dfig evaluiert und soll auf <a href=\"https:\/\/dserver.bundestag.de\/btd\/20\/012\/2001240.pdf\">Antrag der Bundesregierung<\/a> bis zum 30. April 2023 verl\u00e4ngert werden.<\/p>\n<\/p><\/div>\n<\/p><\/div>\n<\/p><\/div>\n<\/p><\/div>\n<p><!--more-->  <\/p>\n<div class=\"module-ws dv-ws-item\">\n<div class=\"dv-generic-row\">\n<div class=\"dv-generic-col-1\">\n<div class=\"dv-ws-top\">TOP 13<\/div>\n<\/p><\/div>\n<div class=\"dv-generic-cols-2-3\">\n<h3 class=\"dv-ws-headline\">Antidiskriminierungsstelle des Bundes<\/h3>\n<\/p><\/div>\n<\/p><\/div>\n<div class=\"dv-generic-row\">\n<div class=\"dv-generic-col-1\">\n<div class=\"dv-ws-issue\">Gleich&shy;behandlung<\/div>\n<\/p><\/div>\n<div class=\"dv-generic-cols-2-3\">\n<div class=\"dv-ws-intro-text\">\n<p>Wir wollen die Unabh\u00e4ngigkeit der Antidiskriminierungsstelle des Bundes st\u00e4rken und die Neubesetzung der Leitungsfunktion voranbringen. Daf\u00fcr \u00e4ndern wir das Allgemeine Gleichbehandlungsgesetz (AGG). Die Leitung wird k\u00fcnftig auf Vorschlag der Bundesregierung als Unabh\u00e4ngige Bundesbeauftragte f\u00fcr Antidiskriminierung durch den Bundestag f\u00fcr f\u00fcnf Jahre gew\u00e4hlt und durch den Bundespr\u00e4sidenten berufen. <span class=\"collapsible-ws\"><i class=\"fa-solid fa-turn-down rotate\"><\/i><\/span><\/p>\n<\/p><\/div>\n<\/p><\/div>\n<\/p><\/div>\n<div class=\"body-ws dv-generic-row\" style=\"display: none;\">\n<div class=\"dv-generic-col-1 empty\">&nbsp;<\/div>\n<div class=\"dv-generic-cols-2-3\">\n<div class=\"dv-ws-main-text\">\n<p>Damit stellen wir sicher, dass die seit 2018 kommissarisch gef\u00fchrte Antidiskriminierungsstelle zeitnah eine neue Leitung erh\u00e4lt.<\/p>\n<p>Die Antidiskriminierungsstelle des Bundes wurde 2006 auf Basis des AGG als nationale Gleichbehandlungsstelle eingerichtet. Sie ist beim Bundesministerium f\u00fcr Familie, Senioren, Frauen und Jugend angesiedelt und bietet rechtliche Beratung f\u00fcr Betroffene von Diskriminierung aufgrund von Alter, Behinderung, Geschlecht, ethnischer Herkunft, Religion oder sexueller Identit\u00e4t.<\/p>\n<\/p><\/div>\n<\/p><\/div>\n<\/p><\/div>\n<\/p><\/div>\n<div class=\"module-ws dv-ws-item\">\n<div class=\"dv-generic-row\">\n<div class=\"dv-generic-col-1\">\n<div class=\"dv-ws-top\">TOP 15<\/div>\n<\/p><\/div>\n<div class=\"dv-generic-cols-2-3\">\n<h3 class=\"dv-ws-headline\">Finanzielle Anerkennung f\u00fcr Pflegekr\u00e4fte in der Pandemie<\/h3>\n<\/p><\/div>\n<\/p><\/div>\n<div class=\"dv-generic-row\">\n<div class=\"dv-generic-col-1\">\n<div class=\"dv-ws-issue\">Pflege<\/div>\n<\/p><\/div>\n<div class=\"dv-generic-cols-2-3\">\n<div class=\"dv-ws-intro-text\">\n<p>Die Pandemie hat zu erheblichen Mehrbelastungen in vielen Krankenh\u00e4usern und in der Langzeitpflege gef\u00fchrt. Besonders auf den Intensivstationen der Krankenh\u00e4user haben die Pfleger:innen Au\u00dfergew\u00f6hnliches geleistet und leisten es nach wie vor. F\u00fcr uns ist es eine Frage des Respekts, dass dieses Engagement finanziell gew\u00fcrdigt wird. Deshalb bringen wir nun einen Pflegebonus auf den Weg, der in dieser Woche in erster Lesung beraten wird. <span class=\"collapsible-ws\"><i class=\"fa-solid fa-turn-down rotate\"><\/i><\/span><\/p>\n<\/p><\/div>\n<\/p><\/div>\n<\/p><\/div>\n<div class=\"body-ws dv-generic-row\" style=\"display: none;\">\n<div class=\"dv-generic-col-1 empty\">&nbsp;<\/div>\n<div class=\"dv-generic-cols-2-3\">\n<div class=\"dv-ws-main-text\">\n<p>Insgesamt stellen wir f\u00fcr den Bonus eine Milliarde Euro zur Verf\u00fcgung, von denen 500 Millionen Euro an Pflegekr\u00e4fte in den Krankenh\u00e4usern sowie 500 Millionen Euro an die Besch\u00e4ftigten in der ambulanten und station\u00e4ren Langzeitpflege flie\u00dfen. Die Pr\u00e4mien sind steuer- und sozialversicherungsfrei, damit die Besch\u00e4ftigten in vollem Umfang davon profitieren.<\/p>\n<p>Bundesweit erhalten 280.000 Pflegekr\u00e4fte in 837 besonders belasteten Krankenh\u00e4usern einen Bonus. Die in der Pandemie stark geforderten Intensivpflegekr\u00e4fte werden durch einen h\u00f6heren Betrag besonders gew\u00fcrdigt.<\/p>\n<p>In der ambulanten und station\u00e4ren Langzeitpflege wird der bereits erprobte Verteilungssch\u00fcssel angewandt. Die Pr\u00e4mienh\u00f6he h\u00e4ngt von der N\u00e4he zur Versorgung, der Qualifikation und der w\u00f6chentlichen Arbeitszeit ab. So erhalten Vollzeitbesch\u00e4ftigte, die in der direkten Pflege und Betreuung der Pflegeeinrichtung arbeiten, bis zu 550 Euro. Auch Azubis, Freiwilligendienstleistende und Leiharbeitnehmer:innen erhalten einen Bonus.<\/p>\n<p>Die Zahlung einer Pr\u00e4mie beendet aber nat\u00fcrlich nicht die schwierige Situation in der Pflege. \u00dcber den Pflegebonus hinaus werden wir die im Koalitionsvertrag vereinbarten strukturellen Verbesserungen der Arbeitsbedingungen in der Pflege anpacken. Wir sorgen unter anderem f\u00fcr mehr Personal, schaffen Lohngerechtigkeit in der Kranken- und Altenpflege, f\u00fchren einen Verdienst in Tarifh\u00f6he ein, schaffen geteilte Dienste ab und setzen uns f\u00fcr familienfreundlichere Arbeitszeiten f\u00fcr Besch\u00e4ftigte mit Kindern ein.<\/p>\n<\/p><\/div>\n<\/p><\/div>\n<\/p><\/div>\n<\/p><\/div>\n<div class=\"dv-generic-row\">\n<div class=\"dv-generic-col-1 empty\">&nbsp;<\/div>\n<div class=\"dv-generic-cols-2-3\">\n<h2 class=\"dv-ws-date\">FR | 08. April 2022 | 29.&nbsp;Sitzung<\/h2>\n<\/p><\/div>\n<\/p><\/div>\n<div class=\"module-ws dv-ws-item\">\n<div class=\"dv-generic-row\">\n<div class=\"dv-generic-col-1\">\n<div class=\"dv-ws-top\">TOP 19<\/div>\n<\/p><\/div>\n<div class=\"dv-generic-cols-2-3\">\n<h3 class=\"dv-ws-headline\">Steuerentlastungen f\u00fcr B\u00fcrgerinnen<\/h3>\n<\/p><\/div>\n<\/p><\/div>\n<div class=\"dv-generic-row\">\n<div class=\"dv-generic-col-1\">\n<div class=\"dv-ws-issue\">Steuer&shy;entlastungen<\/div>\n<\/p><\/div>\n<div class=\"dv-generic-cols-2-3\">\n<div class=\"dv-ws-intro-text\">\n<p>Angesichts erheblicher Preiserh\u00f6hungen insbesondere im Energiebereich besteht Handlungsbedarf zur Entlastung der Bev\u00f6lkerung. Die Fraktionen von SPD, B\u00fcndnis 90\/Die Gr\u00fcnen und FDP schlagen daher ein Steuerentlastungsgesetz vor, welches finanzielle Entlastungen und Steuervereinfachungen vorsieht. <span class=\"collapsible-ws\"><i class=\"fa-solid fa-turn-down rotate\"><\/i><\/span><\/p>\n<\/p><\/div>\n<\/p><\/div>\n<\/p><\/div>\n<div class=\"body-ws dv-generic-row\" style=\"display: none;\">\n<div class=\"dv-generic-col-1 empty\">&nbsp;<\/div>\n<div class=\"dv-generic-cols-2-3\">\n<div class=\"dv-ws-main-text\">\n<p>Zur Entlastung werden der Arbeitnehmer-Pauschbetrag sowie der Grundfreibetrag angehoben. Die geplante, bis 2026 befristete Anhebung der Entfernungspauschale f\u00fcr Fernpendler auf 38 Cent ab dem 21. Entfernungskilometer wird vorgezogen. Entsprechend wird die Mobilit\u00e4tspr\u00e4mie f\u00fcr Geringverdiener erh\u00f6ht. <\/p>\n<p>Die Ma\u00dfnahmen des Steuerentlastungsgesetzes sollen r\u00fcckwirkend ab dem 1. Januar 2022 gelten.<\/p>\n<p>Von der Anhebung des Grundfreibetrags profitieren alle Steuerpflichtigen, wobei die Bezieher niedrigerer Einkommen relativ st\u00e4rker entlastet werden. Die Erh\u00f6hung des Arbeitnehmer-Pauschbetrags reduziert den administrativen Aufwand f\u00fcr Steuerzahler:innen und Steuerverwaltung und bringt Entlastungen f\u00fcr die Arbeitnehmer:innen.<\/p>\n<p>Die h\u00f6here Entfernungspauschale und Mobilit\u00e4tspr\u00e4mie entlasten Fernpendler:innen gezielt von den gestiegenen Mobilit\u00e4tskosten. Den Gesetzentwurf beraten wir in dieser Woche in 1. Lesung.<\/p>\n<\/p><\/div>\n<\/p><\/div>\n<\/p><\/div>\n<\/p><\/div>\n<div class=\"module-ws dv-ws-item\">\n<div class=\"dv-generic-row\">\n<div class=\"dv-generic-col-1\">\n<div class=\"dv-ws-top\">TOP 21<\/div>\n<\/p><\/div>\n<div class=\"dv-generic-cols-2-3\">\n<h3 class=\"dv-ws-headline\">Viertes Corona-Steuerhilfegesetz<\/h3>\n<\/p><\/div>\n<\/p><\/div>\n<div class=\"dv-generic-row\">\n<div class=\"dv-generic-col-1\">\n<div class=\"dv-ws-issue\">Corona-Krise<\/div>\n<\/p><\/div>\n<div class=\"dv-generic-cols-2-3\">\n<div class=\"dv-ws-intro-text\">\n<p>Neben der Bew\u00e4ltigung der Corona-Pandemie ist unser oberstes Ziel weiterhin, die wirtschaftlichen und sozialen Belastungen so gering wie m\u00f6glich zu halten. Daher schlagen die Fraktionen von SPD, B\u00fcndnis 90\/Die Gr\u00fcnen und FDP mit dem <a href=\"https:\/\/dserver.bundestag.de\/btd\/20\/011\/2001111.pdf\">Vierten Corona-Steuerhilfegesetz<\/a> wirtschaftliche und soziale Ma\u00dfnahmen vor, die sehr schnell greifen. Damit bekommen die B\u00fcrgerinnen sowie die Wirtschaft bei der Bew\u00e4ltigung der wirtschaftlichen Folgen weiterhin Unterst\u00fctzung. <span class=\"collapsible-ws\"><i class=\"fa-solid fa-turn-down rotate\"><\/i><\/span><\/p>\n<\/p><\/div>\n<\/p><\/div>\n<\/p><\/div>\n<div class=\"body-ws dv-generic-row\" style=\"display: none;\">\n<div class=\"dv-generic-col-1 empty\">&nbsp;<\/div>\n<div class=\"dv-generic-cols-2-3\">\n<div class=\"dv-ws-main-text\">\n<p>Zur weiteren Bek\u00e4mpfung der Folgen der Corona-Pandemie werden beispielsweise Unternehmen zur F\u00f6rderung ihrer wirtschaftlichen Erholung gezielt mit konsequenten Ma\u00dfnahmen unterst\u00fctzt. Zus\u00e4tzliche Investitionsanreize werden unter anderem mit der Verbesserung der M\u00f6glichkeiten der Verlustverrechnung und der Verl\u00e4ngerung der degressiven Abschreibung f\u00fcr bewegliche Wirtschaftsg\u00fcter des Anlageverm\u00f6gens sowie der steuerlichen Investitionsfristen gesetzt.<\/p>\n<p>Gleichzeitig wird insbesondere die herausragende Leistung der Pflegekr\u00e4fte durch einen steuerfreien Corona-Bonus auch finanziell honoriert, was uns als SPD-Fraktion besonders wichtig ist. Und auch so wichtige Instrumente wie die Homeoffice-Pauschale, die Steuerbefreiung der Zusch\u00fcsse des Arbeitgebers zum Kurzarbeitergeld und die Frist zur Abgabe von Steuererkl\u00e4rungen 2020 werden noch einmal verl\u00e4ngert. Den Gesetzentwurf beraten wir in dieser Woche in 1. Lesung.<\/p>\n<\/p><\/div>\n<\/p><\/div>\n<\/p><\/div>\n<\/p><\/div>\n<\/div>\n","protected":false},"excerpt":{"rendered":"<p>&nbsp; DO | 07. April 2022 | 28.&nbsp;Sitzung TOP 8 F\u00fcr eine geschlechtergerechte Digitalisierung Gleichstellung Der dritte Gleichstellungsbericht der Bundesregierung mit dem Titel &#8222;Digitalisierung geschlechtergerecht gestalten&#8220; wird dem Bundestag in&hellip; <\/p>\n","protected":false},"author":1,"featured_media":0,"comment_status":"closed","ping_status":"closed","sticky":false,"template":"","format":"standard","meta":{"footnotes":""},"categories":[3386],"tags":[],"quellen":[330],"class_list":["post-10099","post","type-post","status-publish","format-standard","hentry","category-die-woche-im-bundestag","quellen-mdb-dirk-voepel"],"_links":{"self":[{"href":"https:\/\/meier-gerdingh.de\/wp-spd-ob\/wp-json\/wp\/v2\/posts\/10099","targetHints":{"allow":["GET"]}}],"collection":[{"href":"https:\/\/meier-gerdingh.de\/wp-spd-ob\/wp-json\/wp\/v2\/posts"}],"about":[{"href":"https:\/\/meier-gerdingh.de\/wp-spd-ob\/wp-json\/wp\/v2\/types\/post"}],"author":[{"embeddable":true,"href":"https:\/\/meier-gerdingh.de\/wp-spd-ob\/wp-json\/wp\/v2\/users\/1"}],"replies":[{"embeddable":true,"href":"https:\/\/meier-gerdingh.de\/wp-spd-ob\/wp-json\/wp\/v2\/comments?post=10099"}],"version-history":[{"count":0,"href":"https:\/\/meier-gerdingh.de\/wp-spd-ob\/wp-json\/wp\/v2\/posts\/10099\/revisions"}],"wp:attachment":[{"href":"https:\/\/meier-gerdingh.de\/wp-spd-ob\/wp-json\/wp\/v2\/media?parent=10099"}],"wp:term":[{"taxonomy":"category","embeddable":true,"href":"https:\/\/meier-gerdingh.de\/wp-spd-ob\/wp-json\/wp\/v2\/categories?post=10099"},{"taxonomy":"post_tag","embeddable":true,"href":"https:\/\/meier-gerdingh.de\/wp-spd-ob\/wp-json\/wp\/v2\/tags?post=10099"},{"taxonomy":"quellen","embeddable":true,"href":"https:\/\/meier-gerdingh.de\/wp-spd-ob\/wp-json\/wp\/v2\/quellen?post=10099"}],"curies":[{"name":"wp","href":"https:\/\/api.w.org\/{rel}","templated":true}]}}