{"id":10106,"date":"2021-11-17T16:47:24","date_gmt":"2021-11-17T15:47:24","guid":{"rendered":"https:\/\/meier-gerdingh.de\/wp-spd-ob\/?p=10106"},"modified":"2023-02-04T16:48:56","modified_gmt":"2023-02-04T15:48:56","slug":"diese-woche-im-bundestag-23","status":"publish","type":"post","link":"https:\/\/meier-gerdingh.de\/wp-spd-ob\/2021\/11\/17\/diese-woche-im-bundestag-23\/","title":{"rendered":"Diese Woche im Bundestag"},"content":{"rendered":"<header class=\"dv-entry-header\">\n   <a href=\"https:\/\/meier-gerdingh.de\/wp-spd-ob\/wp-content\/uploads\/2023\/01\/banner-die-woche-im-bundestag.jpg\"><img decoding=\"async\" src=\"https:\/\/meier-gerdingh.de\/wp-spd-ob\/wp-content\/uploads\/2023\/01\/banner-die-woche-im-bundestag.jpg\" alt=\"\" width=\"700\" height=\"315\" class=\"aligncenter size-full wp-image-10029\" srcset=\"https:\/\/meier-gerdingh.de\/wp-spd-ob\/wp-content\/uploads\/2023\/01\/banner-die-woche-im-bundestag.jpg 700w, https:\/\/meier-gerdingh.de\/wp-spd-ob\/wp-content\/uploads\/2023\/01\/banner-die-woche-im-bundestag-300x135.jpg 300w\" sizes=\"(max-width: 700px) 100vw, 700px\" \/><\/a><br \/>\n<\/header>\n<div id=\"dv-ws\">\n<div class=\"dv-generic-row\">\n<div class=\"dv-generic-col-1 empty\">&nbsp;<\/div>\n<div class=\"dv-generic-cols-2-3\">\n<h2 class=\"dv-ws-date\">DO | 18. November 2021 | 3.&nbsp;Sitzung<\/h2>\n<\/p><\/div>\n<\/p><\/div>\n<div class=\"module-ws dv-ws-item\">\n<div class=\"dv-generic-row\">\n<div class=\"dv-generic-col-1\">\n<div class=\"dv-ws-top\">TOP 1<\/div>\n<\/p><\/div>\n<div class=\"dv-generic-cols-2-3\">\n<h3 class=\"dv-ws-headline\">Weitreichende Ma\u00dfnahmen f\u00fcr weitere Pandemiebek\u00e4mpfung<\/h3>\n<\/p><\/div>\n<\/p><\/div>\n<div class=\"dv-generic-row\">\n<div class=\"dv-generic-col-1\">\n<div class=\"dv-ws-issue\">Corona-Krise<\/div>\n<\/p><\/div>\n<div class=\"dv-generic-cols-2-3\">\n<div class=\"dv-ws-intro-text\">\n<p>Mehr als zwei Drittel der B\u00fcrger:innen sind vollst\u00e4ndig geimpft. Grundrechtseingriffe wie Ausgangssperren oder die fl\u00e4chendeckende Schlie\u00dfung von Betrieben und Schulen sind angesichts der hohen Zahl geimpfter Personen nicht mehr gerechtfertigt. Gleichzeitig ist die Pandemie noch nicht vorbei. Im Gegenteil: Die 7-Tage-Inzidenz liegt deutschlandweit \u00fcber 300. Immer mehr Krankenh\u00e4user und Intensivstationen gelangen an ihre Kapazit\u00e4tsgrenze. In dieser Woche ber\u00e4t der Bundestag deshalb abschlie\u00dfend \u00fcber den <a href=\"https:\/\/dserver.bundestag.de\/btd\/20\/000\/2000015.pdf\">Gesetzentwurf zur \u00c4nderung des Infektionsschutzgesetzes<\/a>. <span class=\"collapsible-ws\"><i class=\"fa-solid fa-turn-down rotate\"><\/i><\/span><\/p>\n<\/p><\/div>\n<\/p><\/div>\n<\/p><\/div>\n<div class=\"body-ws dv-generic-row\" style=\"display: none;\">\n<div class=\"dv-generic-col-1 empty\">&nbsp;<\/div>\n<div class=\"dv-generic-cols-2-3\">\n<div class=\"dv-ws-main-text\">\n<p>Bundesweit soll verbindlich eine 3G-Regelung am Arbeitsplatz sowie im \u00f6ffentlichen Personennah- und fernverkehr gelten. Zudem f\u00fchren wir wieder eine Homeoffice-Angebotspflicht ein. Dort, wo es betrieblich m\u00f6glich ist, sollen die Arbeitnehmer:innen von zu Hause arbeiten k\u00f6nnen.<\/p>\n<p>Dar\u00fcber hinaus erhalten die Bundesl\u00e4nder konkrete Handlungsoptionen, um die Pandemie effektiv und rechtssicher, und gleichzeitig grundrechtsschonend einzud\u00e4mmen.<\/p>\n<p>Dazu geh\u00f6ren Abstandsgebote, Maskenpflicht, die Anwendung von Hygienekonzepten, Kontaktbeschr\u00e4nkungen f\u00fcr Ungeimpfte im privaten und \u00f6ffentlichen Raum sowie 2G\/3G\/3GPlus\/2GPlus-Regelungen und kapazit\u00e4re Beschr\u00e4nkungen insbesondere in Freizeit- und Kultureinrichtungen sowie bei Veranstaltungen.<\/p>\n<p>Zudem k\u00f6nnen die L\u00e4nder die Kontaktdatenverarbeitung anordnen.<\/p>\n<p>Da sich die Lage in einigen Bundesl\u00e4ndern bereits dramatisch zuspitzt, sieht der Gesetzentwurf eine eingeschr\u00e4nkte L\u00e4nder\u00f6ffnungsklausel vor. Sofern das jeweilige Landesparlament mehrheitlich zustimmt, k\u00f6nnen die Bundesl\u00e4nder weitergehende Ma\u00dfnahmen beschlie\u00dfen.<\/p>\n<p>Darunter fallen beispielsweise die Absage von Veranstaltungen oder die vor\u00fcbergehende Schlie\u00dfung von Freizeiteinrichtungen wie Diskotheken. Eingriffsintensive Ma\u00dfnahmen wie Ausgangsperren, die fl\u00e4chendeckende Schlie\u00dfung von Hotels, Restaurants, Sportst\u00e4tten, Schulen und Gesch\u00e4ften sowie das Verbot religi\u00f6ser Zusammenk\u00fcnfte die sind dagegen nicht mehr m\u00f6glich.<\/p>\n<p>Dar\u00fcber hinaus werden folgende Regelungen verl\u00e4ngert:<\/p>\n<ul>\n<li>Vereinfachter Zugang zur Grundsicherung (bis 19. M\u00e4rz 2022),<\/li>\n<li>Ma\u00dfnahmen zur Corona-Arbeitsschutzverordnung (bis 19. M\u00e4rz 2022),<\/li>\n<li>Sonderregelungen zum Kinderkrankentagegeld: 30 statt 10 Kinderkrankentage bzw. 60 statt 20 Kinderkrankentage f\u00fcr Alleinerziehende (bis in das Jahr<br \/>\n\t\t\t\t\t2022),<\/li>\n<li>Aussetzung der j\u00e4hrlichen Mindesteinkommensgrenze im K\u00fcnstlersozialversicherungsgesetz (bis Ende 2022),<\/li>\n<li>Sonderregelung zum Entsch\u00e4digungsanspruch f\u00fcr Eltern von Kindern in Betreuungseinrichtungen (bis 19. M\u00e4rz 2022),<\/li>\n<li>Befugnis f\u00fcr bestimmte Arbeitgeber, Besch\u00e4ftigtendaten zum COVID-19 Impf- oder Serostatus zu verarbeiten (bis 19. M\u00e4rz 2022).<\/li>\n<\/ul>\n<p>Die Krankenh\u00e4user erhalten zudem bei der voll- oder teilstation\u00e4ren Behandlung von Patientinnen mit einer COVID-19-Infektion zus\u00e4tzlich einen zeitlich befristeten Versorgungsaufschlag.<\/p>\n<p>F\u00e4lschung von Impfp\u00e4ssen wird strafbar. Dar\u00fcber hinaus planen wir Klarstellungen im Strafgesetzbuch, um k\u00fcnftig besser gegen F\u00e4lschungen und den Missbrauch von Gesundheitszeugnissen &#8211; also Impfausweisen und Test-Zertifikaten &#8211; vorgehen zu k\u00f6nnen. Wir wollen so zunehmende Betr\u00fcgereien mit gef\u00e4lschten Impfnachweisen verhindern.<\/p>\n<p>Dazu wird die Eintragung unrichtiger Impfdokumentationen in Blankett-Impfausweisen ausdr\u00fccklich unter Strafe stellt. Blankett-Impfausweise sind Impfausweise, die noch nicht personalisiert sind. F\u00fcr den effektiven Schutz ist es au\u00dferdem unerl\u00e4sslich, dass auch schon das Vorbereiten von Blankett-Impfausweisen und der Handel damit unter Strafe steht.<\/p>\n<p>Dar\u00fcber hinaus werden die Strafgesetze zur F\u00e4lschung von Gesundheitszeugnissen ausgeweitet. Wer zur T\u00e4uschung Impfausweise oder Testzertifikate ausstellt, obwohl er dazu nicht befugt ist, wird mit einer Freiheitsstrafe bis zu einem Jahr oder mit einer Geldstrafe bestraft. Auch machen sich k\u00fcnftig \u00c4rzt:innen strafbar, die ein unrichtiges Gesundheitszeugnis ausstellen. Der Gebrauch gef\u00e4lschter Impfausweise und Testzertifikate wird ebenfalls umfassend bestraft.<\/p>\n<p>Beide Gesetzentw\u00fcrfe werden diese Woche in 2\/3. Lesung beraten.<\/p>\n<\/p><\/div>\n<\/p><\/div>\n<\/p><\/div>\n<div class=\"module-ws dv-ws-item\">\n<div class=\"dv-generic-row\">\n<div class=\"dv-generic-col-1\">\n<div class=\"dv-ws-top\">TOP 3<\/div>\n<\/p><\/div>\n<div class=\"dv-generic-cols-2-3\">\n<h3 class=\"dv-ws-headline\">Milliarden f\u00fcr die gesetzlichen Krankenversicherungen<\/h3>\n<\/p><\/div>\n<\/p><\/div>\n<div class=\"dv-generic-row\">\n<div class=\"dv-generic-col-1\">\n<div class=\"dv-ws-issue\">Gesundheit<\/div>\n<\/p><\/div>\n<div class=\"dv-generic-cols-2-3\">\n<div class=\"dv-ws-intro-text\">\n<p>Aufgrund der wirtschaftlichen Folgen der Corona-Pandemie stehen die gesetzlichen Krankenversicherungen (GKV) nach wie vor unter finanziellem Druck. Um die Beitr\u00e4ge stabil zu halten, werden wir im Jahr 2022 den <a href=\"https:\/\/dserver.bundestag.de\/btd\/20\/000\/2000008.pdf\">Zuschuss f\u00fcr die GKV nochmals um sieben Milliarden Euro aufstocken<\/a> &#8211; auf dann insgesamt 28,5 Milliarden Euro. <span class=\"collapsible-ws\"><i class=\"fa-solid fa-turn-down rotate\"><\/i><\/span><\/p>\n<\/p><\/div>\n<\/p><\/div>\n<\/p><\/div>\n<div class=\"body-ws dv-generic-row\" style=\"display: none;\">\n<div class=\"dv-generic-col-1 empty\">&nbsp;<\/div>\n<div class=\"dv-generic-cols-2-3\">\n<div class=\"dv-ws-main-text\">\n<p>Dieser erg\u00e4nzende Bundeszuschuss entspricht der Prognose des Sch\u00e4tzerkreises beim Bundesamt f\u00fcr Soziale Sicherung.<\/p>\n<p>Mit der Unterst\u00fctzung des Bundes wird es sowohl f\u00fcr alle Beitragszahler:innen als auch f\u00fcr die Wirtschaft keine erh\u00f6hten Kosten geben. Die Sozialversicherungsbeitr\u00e4ge werden unter 40 Prozent stabilisiert.<\/p>\n<p>Die entsprechende <a href=\"https:\/\/dserver.bundestag.de\/btd\/20\/000\/2000008.pdf\">Verordnung<\/a> wurde im Einvernehmen mit dem Bundesministerium der Finanzen vom Bundesministerium f\u00fcr Gesundheit aufgesetzt, der Deutsche Bundestag wird in dieser Woche zustimmen.<\/p>\n<\/p><\/div>\n<\/p><\/div>\n<\/p><\/div>\n<\/div>\n<\/div>\n<\/div>\n","protected":false},"excerpt":{"rendered":"<p>&nbsp; DO | 18. November 2021 | 3.&nbsp;Sitzung TOP 1 Weitreichende Ma\u00dfnahmen f\u00fcr weitere Pandemiebek\u00e4mpfung Corona-Krise Mehr als zwei Drittel der B\u00fcrger:innen sind vollst\u00e4ndig geimpft. Grundrechtseingriffe wie Ausgangssperren oder die&hellip; <\/p>\n","protected":false},"author":1,"featured_media":0,"comment_status":"closed","ping_status":"closed","sticky":false,"template":"","format":"standard","meta":{"footnotes":""},"categories":[3386],"tags":[],"quellen":[330],"class_list":["post-10106","post","type-post","status-publish","format-standard","hentry","category-die-woche-im-bundestag","quellen-mdb-dirk-voepel"],"_links":{"self":[{"href":"https:\/\/meier-gerdingh.de\/wp-spd-ob\/wp-json\/wp\/v2\/posts\/10106","targetHints":{"allow":["GET"]}}],"collection":[{"href":"https:\/\/meier-gerdingh.de\/wp-spd-ob\/wp-json\/wp\/v2\/posts"}],"about":[{"href":"https:\/\/meier-gerdingh.de\/wp-spd-ob\/wp-json\/wp\/v2\/types\/post"}],"author":[{"embeddable":true,"href":"https:\/\/meier-gerdingh.de\/wp-spd-ob\/wp-json\/wp\/v2\/users\/1"}],"replies":[{"embeddable":true,"href":"https:\/\/meier-gerdingh.de\/wp-spd-ob\/wp-json\/wp\/v2\/comments?post=10106"}],"version-history":[{"count":0,"href":"https:\/\/meier-gerdingh.de\/wp-spd-ob\/wp-json\/wp\/v2\/posts\/10106\/revisions"}],"wp:attachment":[{"href":"https:\/\/meier-gerdingh.de\/wp-spd-ob\/wp-json\/wp\/v2\/media?parent=10106"}],"wp:term":[{"taxonomy":"category","embeddable":true,"href":"https:\/\/meier-gerdingh.de\/wp-spd-ob\/wp-json\/wp\/v2\/categories?post=10106"},{"taxonomy":"post_tag","embeddable":true,"href":"https:\/\/meier-gerdingh.de\/wp-spd-ob\/wp-json\/wp\/v2\/tags?post=10106"},{"taxonomy":"quellen","embeddable":true,"href":"https:\/\/meier-gerdingh.de\/wp-spd-ob\/wp-json\/wp\/v2\/quellen?post=10106"}],"curies":[{"name":"wp","href":"https:\/\/api.w.org\/{rel}","templated":true}]}}