{"id":10114,"date":"2023-02-08T11:17:01","date_gmt":"2023-02-08T10:17:01","guid":{"rendered":"https:\/\/meier-gerdingh.de\/wp-spd-ob\/?p=10114"},"modified":"2023-02-08T11:18:09","modified_gmt":"2023-02-08T10:18:09","slug":"spenden-fuer-die-erdbeben-opfer-in-der-tuerkei-und-in-syrien","status":"publish","type":"post","link":"https:\/\/meier-gerdingh.de\/wp-spd-ob\/2023\/02\/08\/spenden-fuer-die-erdbeben-opfer-in-der-tuerkei-und-in-syrien\/","title":{"rendered":"Spenden f\u00fcr die Erdbeben-Opfer in der T\u00fcrkei und in Syrien"},"content":{"rendered":"<p>Das Ausma\u00df der Katastrophe in der T\u00fcrkei und in Syrien durch die Erdbeben ist schwer in Worte zu fassen. Deutschland steht bereit, gemeinsam mit unseren europ\u00e4ischen und internationalen Partner:innen Hilfen in die betroffenen Regionen zu schicken. Das THW bereitet erste Hilfslieferungen vor. Wenn auch Sie helfen wollen: ARD und ZDF rufen in Kooperation mit den gro\u00dfen Hilfsorganisationen zu Spenden auf.<\/p>\n<p><a href=\"https:\/\/meier-gerdingh.de\/wp-spd-ob\/wp-content\/uploads\/2023\/02\/sharepic-spenden-erdbeben-tuerkei-syrien-01.jpg\"><img decoding=\"async\" src=\"https:\/\/meier-gerdingh.de\/wp-spd-ob\/wp-content\/uploads\/2023\/02\/sharepic-spenden-erdbeben-tuerkei-syrien-01.jpg\" alt=\"\" width=\"700\" height=\"875\" class=\"aligncenter size-full wp-image-1240\" \/><\/a><br \/>\nDas <a href=\"https:\/\/entwicklung-hilft.de\/\">B\u00fcndnis Entwicklung Hilft<\/a> und die <a href=\"https:\/\/www.aktion-deutschland-hilft.de\/\">Aktion Deutschland Hilft<\/a> rufen in Kooperation mit der ARD unter folgendem Konto gemeinsam zu Spenden auf:<\/p>\n<p><strong>IBAN: DE53 200 400 600 200 400 600<\/strong><br \/>\n<strong>Verwendungszweck: ARD\/ Erdbeben T\u00fcrkei und Syrien<\/strong><\/p>\n<p>(Das B\u00fcndnis Entwicklung Hilft und Aktion Deutschland Hilft sind Zusammenschl\u00fcsse von Hilfsorganisationen wie Brot f\u00fcr die Welt, AWO, dem Arbeiter-Samariter-Bund, dem Parit\u00e4tischen etc.)<\/p>\n<p><a href=\"https:\/\/meier-gerdingh.de\/wp-spd-ob\/wp-content\/uploads\/2023\/02\/sharepic-spenden-erdbeben-tuerkei-syrien-02.jpg\"><img decoding=\"async\" src=\"https:\/\/meier-gerdingh.de\/wp-spd-ob\/wp-content\/uploads\/2023\/02\/sharepic-spenden-erdbeben-tuerkei-syrien-02.jpg\" alt=\"\" width=\"700\" height=\"875\" class=\"aligncenter size-full wp-image-1241\" \/><\/a><br \/>\nDas <a href=\"https:\/\/www.aktionsbuendnis-katastrophenhilfe.de\/\">Aktionsb\u00fcndnis Katastrophenhilfe<\/a> ruft in Kooperation mit dem ZDF unter folgendem Konto zu Spenden auf.<\/p>\n<p><strong>IBAN: DE65 100 400 600 100 400 600<\/strong><br \/>\n<strong>Verwendungszweck: ZDF Erdbeben T\u00fcrkei Syrien<\/strong><\/p>\n<p>(Das Aktionsb\u00fcndnis Katastrophenhilfe ist ein Zusammenschluss aus Caritas, Unicef, dem Deutschen Roten Kreuz und der Diakonie.)<\/p>\n<p>Unsere Gedanken sind in diesen Tagen bei den Opfern und allen, die um Angeh\u00f6rige, Freund:innen und Bekannte bangen.<\/p>\n","protected":false},"excerpt":{"rendered":"<p>Das Ausma\u00df der Katastrophe in der T\u00fcrkei und in Syrien durch die Erdbeben ist schwer in Worte zu fassen. Deutschland steht bereit, gemeinsam mit unseren europ\u00e4ischen und internationalen Partner:innen Hilfen&hellip; <\/p>\n","protected":false},"author":1,"featured_media":0,"comment_status":"closed","ping_status":"closed","sticky":false,"template":"","format":"standard","meta":{"footnotes":""},"categories":[1],"tags":[3390,3391,3388,3387,3389,1505],"quellen":[330],"class_list":["post-10114","post","type-post","status-publish","format-standard","hentry","category-allgemein","tag-aktion-deutschland-hilft","tag-aktionsbuendnis-katastrophenhilfe","tag-erdbeben","tag-erdbeben-tuerkei-syrien","tag-hilfsorganisationen","tag-spenden","quellen-mdb-dirk-voepel"],"_links":{"self":[{"href":"https:\/\/meier-gerdingh.de\/wp-spd-ob\/wp-json\/wp\/v2\/posts\/10114","targetHints":{"allow":["GET"]}}],"collection":[{"href":"https:\/\/meier-gerdingh.de\/wp-spd-ob\/wp-json\/wp\/v2\/posts"}],"about":[{"href":"https:\/\/meier-gerdingh.de\/wp-spd-ob\/wp-json\/wp\/v2\/types\/post"}],"author":[{"embeddable":true,"href":"https:\/\/meier-gerdingh.de\/wp-spd-ob\/wp-json\/wp\/v2\/users\/1"}],"replies":[{"embeddable":true,"href":"https:\/\/meier-gerdingh.de\/wp-spd-ob\/wp-json\/wp\/v2\/comments?post=10114"}],"version-history":[{"count":0,"href":"https:\/\/meier-gerdingh.de\/wp-spd-ob\/wp-json\/wp\/v2\/posts\/10114\/revisions"}],"wp:attachment":[{"href":"https:\/\/meier-gerdingh.de\/wp-spd-ob\/wp-json\/wp\/v2\/media?parent=10114"}],"wp:term":[{"taxonomy":"category","embeddable":true,"href":"https:\/\/meier-gerdingh.de\/wp-spd-ob\/wp-json\/wp\/v2\/categories?post=10114"},{"taxonomy":"post_tag","embeddable":true,"href":"https:\/\/meier-gerdingh.de\/wp-spd-ob\/wp-json\/wp\/v2\/tags?post=10114"},{"taxonomy":"quellen","embeddable":true,"href":"https:\/\/meier-gerdingh.de\/wp-spd-ob\/wp-json\/wp\/v2\/quellen?post=10114"}],"curies":[{"name":"wp","href":"https:\/\/api.w.org\/{rel}","templated":true}]}}