{"id":10117,"date":"2023-02-08T14:57:22","date_gmt":"2023-02-08T13:57:22","guid":{"rendered":"https:\/\/meier-gerdingh.de\/wp-spd-ob\/?p=10117"},"modified":"2023-02-08T14:57:22","modified_gmt":"2023-02-08T13:57:22","slug":"bahnentscheidung-sorgt-fuer-kopfschuetteln","status":"publish","type":"post","link":"https:\/\/meier-gerdingh.de\/wp-spd-ob\/2023\/02\/08\/bahnentscheidung-sorgt-fuer-kopfschuetteln\/","title":{"rendered":"Bahnentscheidung sorgt f\u00fcr Kopfsch\u00fctteln"},"content":{"rendered":"<div id=\"attachment_9436\" style=\"width: 170px\" class=\"wp-caption alignleft\"><a href=\"https:\/\/meier-gerdingh.de\/wp-spd-ob\/wp-content\/uploads\/2022\/10\/sahin-buelent-portrait-lg.jpg\"><img aria-describedby=\"caption-attachment-9436\" decoding=\"async\" class=\"size-full wp-image-9436\" src=\"https:\/\/meier-gerdingh.de\/wp-spd-ob\/wp-content\/uploads\/2022\/10\/sahin-buelent-portrait.jpg\" alt=\"\" width=\"160\" height=\"200\" \/><\/a><p id=\"caption-attachment-9436\" class=\"wp-caption-text\">B\u00fclent Sahin ist direkt gew\u00e4hlter Stadtverordneter f\u00fcr Lirich-Nord<\/p><\/div>\n<p>Nachdem die Bahn die Menschen im Grafenbusch vor einem knappen Jahr mit der Entscheidung gegen einen L\u00e4rmschutz entlang der Bahngleise vor den Kopf gesto\u00dfen hatte, scheint sich das alles nun ein wenig weiter im Oberhausener Westen ganz \u00e4hnlich abzuspielen. Der Bau einer Schallschutzwand parallel zur Wunder- und Katharinenstra\u00dfe in Lirich wird nach Auskunft der DB Netz AG deutlich eingedampft \u2013 obwohl die Bahn den Oberhausenerinnen und Oberhausenern noch 2018 gro\u00dfz\u00fcgige Schallschutzma\u00dfnahmen versprochen worden sind \u2013 so auch in Lirich. Nun hat die Bahn die Rolle r\u00fcckw\u00e4rts vollzogen.<\/p>\n<p>Die &#8222;Schallschutzwand 15&#8220; k\u00f6nne &#8222;leider nur bis knapp hinter die Eisenbahnbr\u00fccke \u00fcber die Wilmsstra\u00dfe gebaut werden&#8220;, hei\u00dft es in einem Schreiben der Bahn an einen Anwohner. Die Begr\u00fcndung bleibt nebul\u00f6s: &#8222;Hierbei spielen technische Beschr\u00e4nkungen im Bauuntergrund auf H\u00f6he der Katharinenstra\u00dfe eine entscheidende Rolle&#8220;, l\u00e4sst die Bahn schriftlich erkl\u00e4ren. Mehr nicht.<!--more--><\/p>\n<p>B\u00fclent Sahin, SPD-Stadtverordneter aus Lirich, will sich mit einem d\u00fcrren Satz der Erkl\u00e4rung genauso wenig abfinden wie eine Gruppe von B\u00fcrgerinnen und B\u00fcrgern aus Lirich.<\/p>\n<p>&#8222;Die Menschen sind nat\u00fcrlich frustriert&#8220;, erkl\u00e4rt Sahin, &#8222;mit einer so gro\u00dfen Verk\u00fcrzung der Schallschutzwand hat ja niemand gerechnet \u2013 und die Erkl\u00e4rung k\u00f6nnen die Liricher auch wenig nachvollziehen&#8220;, so der Stadtverordnete.<\/p>\n<p>Vor nicht allzu langer Zeit sei direkt auf der angesprochenen Seite des Bahndamms ein gro\u00dfer Leitungsmast mit massivem Fundament aufgestellt worden. &#8222;Das bekommt hier nat\u00fcrlich jeder mit und da fragen sich die Leute: Wie kann es sein, dass der Bahndamm so ein massives Bauteil tr\u00e4gt, aber die Errichtung einer L\u00e4rmschutzwand nicht m\u00f6glich ist?&#8220;, so Sahin.<\/p>\n<p>In der Frage des L\u00e4rmschutzes in Lirich soll das letzte Wort noch nicht gesprochen sein. &#8222;Wir fordern zun\u00e4chst einmal eine Aufkl\u00e4rung in den politischen Gremien durch die Bahn und es w\u00e4re ein wichtiges Zeichen, wenn sich die Stadtspitze hier ebenfalls positioniert&#8220;, so Sahin.<\/p>\n<p>&#8222;Es kann doch nicht sein, dass innerhalb eines Jahres zweimal der B\u00fcrgerwille nach anst\u00e4ndigem L\u00e4rmschutz von der Bahn schulterzuckend abgewiesen wird. Wir reden die ganze Zeit \u00fcber die Verkehrswende und die Bahn erweist der Akzeptanz von Schienenwegen in besiedelten Gebieten mit solchen nicht nachvollziehbaren Entscheidungen einen B\u00e4rendienst.&#8220;<\/p>\n","protected":false},"excerpt":{"rendered":"<p>Nachdem die Bahn die Menschen im Grafenbusch vor einem knappen Jahr mit der Entscheidung gegen einen L\u00e4rmschutz entlang der Bahngleise vor den Kopf gesto\u00dfen hatte, scheint sich das alles nun&hellip; <\/p>\n","protected":false},"author":1,"featured_media":0,"comment_status":"closed","ping_status":"closed","sticky":false,"template":"","format":"standard","meta":{"footnotes":""},"categories":[167,29],"tags":[3392,1041,3395,291,183,3393,3394],"quellen":[326],"class_list":["post-10117","post","type-post","status-publish","format-standard","hentry","category-stadtteile","category-umwelt","tag-db-netz-ag","tag-deutsche-bahn-ag","tag-katharinenstrasse","tag-laermschutz","tag-lirich","tag-schallschutzwaende","tag-wunderstrasse","quellen-spd-fraktion-oberhausen"],"_links":{"self":[{"href":"https:\/\/meier-gerdingh.de\/wp-spd-ob\/wp-json\/wp\/v2\/posts\/10117","targetHints":{"allow":["GET"]}}],"collection":[{"href":"https:\/\/meier-gerdingh.de\/wp-spd-ob\/wp-json\/wp\/v2\/posts"}],"about":[{"href":"https:\/\/meier-gerdingh.de\/wp-spd-ob\/wp-json\/wp\/v2\/types\/post"}],"author":[{"embeddable":true,"href":"https:\/\/meier-gerdingh.de\/wp-spd-ob\/wp-json\/wp\/v2\/users\/1"}],"replies":[{"embeddable":true,"href":"https:\/\/meier-gerdingh.de\/wp-spd-ob\/wp-json\/wp\/v2\/comments?post=10117"}],"version-history":[{"count":0,"href":"https:\/\/meier-gerdingh.de\/wp-spd-ob\/wp-json\/wp\/v2\/posts\/10117\/revisions"}],"wp:attachment":[{"href":"https:\/\/meier-gerdingh.de\/wp-spd-ob\/wp-json\/wp\/v2\/media?parent=10117"}],"wp:term":[{"taxonomy":"category","embeddable":true,"href":"https:\/\/meier-gerdingh.de\/wp-spd-ob\/wp-json\/wp\/v2\/categories?post=10117"},{"taxonomy":"post_tag","embeddable":true,"href":"https:\/\/meier-gerdingh.de\/wp-spd-ob\/wp-json\/wp\/v2\/tags?post=10117"},{"taxonomy":"quellen","embeddable":true,"href":"https:\/\/meier-gerdingh.de\/wp-spd-ob\/wp-json\/wp\/v2\/quellen?post=10117"}],"curies":[{"name":"wp","href":"https:\/\/api.w.org\/{rel}","templated":true}]}}