{"id":10120,"date":"2023-02-08T06:32:30","date_gmt":"2023-02-08T05:32:30","guid":{"rendered":"https:\/\/meier-gerdingh.de\/wp-spd-ob\/?p=10120"},"modified":"2023-02-08T18:36:35","modified_gmt":"2023-02-08T17:36:35","slug":"prinz-rainer-i-zu-besuch-im-landtag","status":"publish","type":"post","link":"https:\/\/meier-gerdingh.de\/wp-spd-ob\/2023\/02\/08\/prinz-rainer-i-zu-besuch-im-landtag\/","title":{"rendered":"Prinz Rainer&nbsp;I. zu Besuch im Landtag"},"content":{"rendered":"<div id=\"attachment_10118\" style=\"width: 710px\" class=\"wp-caption aligncenter\"><a href=\"https:\/\/meier-gerdingh.de\/wp-spd-ob\/wp-content\/uploads\/2023\/02\/naerrischer-landtag-2023-lg.jpg\"><img aria-describedby=\"caption-attachment-10118\" decoding=\"async\" class=\"size-full wp-image-10118\" src=\"https:\/\/meier-gerdingh.de\/wp-spd-ob\/wp-content\/uploads\/2023\/02\/naerrischer-landtag-2023.jpg\" alt=\"\" width=\"700\" height=\"467\" srcset=\"https:\/\/meier-gerdingh.de\/wp-spd-ob\/wp-content\/uploads\/2023\/02\/naerrischer-landtag-2023.jpg 700w, https:\/\/meier-gerdingh.de\/wp-spd-ob\/wp-content\/uploads\/2023\/02\/naerrischer-landtag-2023-300x200.jpg 300w\" sizes=\"(max-width: 700px) 100vw, 700px\" \/><\/a><p id=\"caption-attachment-10118\" class=\"wp-caption-text\">Der Landtag fest in n\u00e4rrischer Hand: Oberhausens Stadtprinz Rainer\u00a0I mit seinem Gefolge und den beiden Oberhausener Landtagsabgeordneten Sonja Bongers und Frederick Cordes<\/p><\/div>\n<p>&#8222;Wir sind total gl\u00fccklich, dass unser Stadtprinz Rainer I. uns mit seinem Hofstaat im Landtag besucht&#8220;, freuen sich die SPD-Landtagsabgeordneten Sonja Bongers und Freddy Cordes \u00fcber den &#8222;jecken&#8220; Besuch. Lange mussten die karnevalistischen Oberh\u00e4upter der NRW-Kommunen warten, ehe sie wieder im D\u00fcsseldorfer Landtag zu Gast sein konnten. Coronabedingt fiel Karneval praktisch aus.<\/p>\n<p>&#8222;Das ist schon imposant hier im Landtag. So viele Karnevalisten, einfach sch\u00f6n. Besonders freue ich mich f\u00fcr die Menschen, dass wir wieder Karneval feiern k\u00f6nnen&#8220;, sagte Rainer\u00a0I.<!--more--><\/p>\n<h3 class=\"spd-ob-crossheading\">Kulturgut lebt<\/h3>\n<p>&#8222;Es kehrt wieder so etwas wie Normalit\u00e4t ein. Wenn man die ganzen Tollit\u00e4ten hier sieht, da merkt man schon, was einem doch gefehlt hat. Insbesondere f\u00fcr die B\u00fcrgerinnen und B\u00fcrger bei uns in Oberhausen und in Nordrhein-Westfalen kehrt ein St\u00fcck Kulturgut zur\u00fcck&#8220;, so Bongers weiter.<\/p>\n<p>F\u00fcr Bongers und Cordes ist Rainer\u00a0I. eine gelungene Besetzung.<\/p>\n<p>&#8222;Mit Rainer Lettkamp haben wir einen engagierten Prinzen mit ganz viel Sozialcourage. Als ehemaliger Gesch\u00e4ftsf\u00fchrer der Lebenshilfe hat er sein Leben der sozialen Arbeit gewidmet und trotzdem bei allen Belastungen, die so ein Beruf mit sich bringen kann, seine Frohnatur nicht verloren. Das ist super und passt perfekt zur Idee des Karnevals. Soziales Miteinander und traditionelles Feiern. Daher ist auch Rainer Lettkamps Motto &#8222;Gemeinsam feiern, singen, tanzen, denn jeder ist ein Teil des Ganzen&#8220; absolut gelungen&#8220;, so die SPD-Politiker abschlie\u00dfend.<\/p>\n","protected":false},"excerpt":{"rendered":"<p>&#8222;Wir sind total gl\u00fccklich, dass unser Stadtprinz Rainer I. uns mit seinem Hofstaat im Landtag besucht&#8220;, freuen sich die SPD-Landtagsabgeordneten Sonja Bongers und Freddy Cordes \u00fcber den &#8222;jecken&#8220; Besuch. Lange&hellip; <\/p>\n","protected":false},"author":1,"featured_media":0,"comment_status":"closed","ping_status":"closed","sticky":false,"template":"","format":"standard","meta":{"footnotes":""},"categories":[216,171],"tags":[2515,219,3396,3397],"quellen":[1317],"class_list":["post-10120","post","type-post","status-publish","format-standard","hentry","category-land","category-veranstaltungen","tag-karneval","tag-landtag-nrw","tag-naerrischer-landtag","tag-prinz-rainer-i","quellen-mdl-sonja-bongers"],"_links":{"self":[{"href":"https:\/\/meier-gerdingh.de\/wp-spd-ob\/wp-json\/wp\/v2\/posts\/10120","targetHints":{"allow":["GET"]}}],"collection":[{"href":"https:\/\/meier-gerdingh.de\/wp-spd-ob\/wp-json\/wp\/v2\/posts"}],"about":[{"href":"https:\/\/meier-gerdingh.de\/wp-spd-ob\/wp-json\/wp\/v2\/types\/post"}],"author":[{"embeddable":true,"href":"https:\/\/meier-gerdingh.de\/wp-spd-ob\/wp-json\/wp\/v2\/users\/1"}],"replies":[{"embeddable":true,"href":"https:\/\/meier-gerdingh.de\/wp-spd-ob\/wp-json\/wp\/v2\/comments?post=10120"}],"version-history":[{"count":0,"href":"https:\/\/meier-gerdingh.de\/wp-spd-ob\/wp-json\/wp\/v2\/posts\/10120\/revisions"}],"wp:attachment":[{"href":"https:\/\/meier-gerdingh.de\/wp-spd-ob\/wp-json\/wp\/v2\/media?parent=10120"}],"wp:term":[{"taxonomy":"category","embeddable":true,"href":"https:\/\/meier-gerdingh.de\/wp-spd-ob\/wp-json\/wp\/v2\/categories?post=10120"},{"taxonomy":"post_tag","embeddable":true,"href":"https:\/\/meier-gerdingh.de\/wp-spd-ob\/wp-json\/wp\/v2\/tags?post=10120"},{"taxonomy":"quellen","embeddable":true,"href":"https:\/\/meier-gerdingh.de\/wp-spd-ob\/wp-json\/wp\/v2\/quellen?post=10120"}],"curies":[{"name":"wp","href":"https:\/\/api.w.org\/{rel}","templated":true}]}}