{"id":10121,"date":"2023-02-09T17:41:13","date_gmt":"2023-02-09T16:41:13","guid":{"rendered":"https:\/\/meier-gerdingh.de\/wp-spd-ob\/?p=10121"},"modified":"2023-02-09T17:41:13","modified_gmt":"2023-02-09T16:41:13","slug":"sonja-bongers-lobt-gemeinsam-gegen-armut","status":"publish","type":"post","link":"https:\/\/meier-gerdingh.de\/wp-spd-ob\/2023\/02\/09\/sonja-bongers-lobt-gemeinsam-gegen-armut\/","title":{"rendered":"Sonja Bongers lobt &#8222;Gemeinsam gegen Armut&#8220;"},"content":{"rendered":"<div id=\"attachment_7690\" style=\"width: 170px\" class=\"wp-caption alignleft\"><a href=\"https:\/\/meier-gerdingh.de\/wp-spd-ob\/wp-content\/uploads\/2020\/11\/bongers-sonja-2020-lg.jpg\"><img aria-describedby=\"caption-attachment-7690\" decoding=\"async\" class=\"size-full wp-image-7690\" src=\"https:\/\/meier-gerdingh.de\/wp-spd-ob\/wp-content\/uploads\/2020\/11\/bongers-sonja-2020.jpg\" alt=\"\" width=\"160\" height=\"200\" \/><\/a><p id=\"caption-attachment-7690\" class=\"wp-caption-text\">Sonja Bongers ist Vorsitzende der SPD-Ratsfraktion und Mitglied des Landtags von Nordrhein-Westfalen<\/p><\/div>\n<p>Dem Lob der CDU-Fraktionsvorsitzenden Simone-Tatjana Stehr f\u00fcr den neuen F\u00f6rdertopf der NRW-Landesregierung &#8222;Gemeinsam gegen Armut&#8220; schlie\u00dft sich ihre sozialdemokratische Kollegin Sonja Bongers ausdr\u00fccklich an. &#8222;Zudem m\u00f6chten wir die Verwaltung bitten, rechtzeitig die Gespr\u00e4che mit karitativen Vereinen und Organisationen zu suchen&#8220;, so die Sozialausschuss-Vorsitzende weiter.<\/p>\n<p>&#8222;Wir sollten den gew\u00e4hrten Gestaltungsspielraum nutzen, um die Vielfalt der sozialen Hilfsangebote in Oberhausen zu st\u00e4rken und auch weiterhin zu erhalten&#8220;, erkl\u00e4rt die Landtagsabgeordnete weiter, die die Tafel und deren Mitarbeiterinnen und Mitarbeiter beispielhaft anf\u00fchrt und auf deren Probleme hinweist. Von diesen hatten die Mitglieder des Sozialausschusses auf ihrer Sitzung im November aus erster Hand erfahren.<!--more--><\/p>\n<p>&#8222;Die Preise steigen und steigen, au\u00dferdem stehen notwendige Neuanschaffungen f\u00fcr die Tafel an. Wenn die Stadt mit Hilfe des Landesf\u00f6rdertopfes dort zum Beispiel ein wenig Abhilfe schaffen kann, w\u00e4re das gewiss eine gute Sache, die vielen sozial benachteiligten Menschen in unserer Stadt zugutekommt&#8220;, erkl\u00e4rt Sonja Bongers.<\/p>\n","protected":false},"excerpt":{"rendered":"<p>Dem Lob der CDU-Fraktionsvorsitzenden Simone-Tatjana Stehr f\u00fcr den neuen F\u00f6rdertopf der NRW-Landesregierung &#8222;Gemeinsam gegen Armut&#8220; schlie\u00dft sich ihre sozialdemokratische Kollegin Sonja Bongers ausdr\u00fccklich an. &#8222;Zudem m\u00f6chten wir die Verwaltung bitten,&hellip; <\/p>\n","protected":false},"author":1,"featured_media":0,"comment_status":"closed","ping_status":"closed","sticky":false,"template":"","format":"standard","meta":{"footnotes":""},"categories":[174],"tags":[3398,3272,5,2279,319],"quellen":[326],"class_list":["post-10121","post","type-post","status-publish","format-standard","hentry","category-arbeit-und-soziales","tag-gemeinsam-gegen-armut","tag-inflation","tag-landesfoerderung","tag-oberhausener-tafel","tag-sozialausschuss","quellen-spd-fraktion-oberhausen"],"_links":{"self":[{"href":"https:\/\/meier-gerdingh.de\/wp-spd-ob\/wp-json\/wp\/v2\/posts\/10121","targetHints":{"allow":["GET"]}}],"collection":[{"href":"https:\/\/meier-gerdingh.de\/wp-spd-ob\/wp-json\/wp\/v2\/posts"}],"about":[{"href":"https:\/\/meier-gerdingh.de\/wp-spd-ob\/wp-json\/wp\/v2\/types\/post"}],"author":[{"embeddable":true,"href":"https:\/\/meier-gerdingh.de\/wp-spd-ob\/wp-json\/wp\/v2\/users\/1"}],"replies":[{"embeddable":true,"href":"https:\/\/meier-gerdingh.de\/wp-spd-ob\/wp-json\/wp\/v2\/comments?post=10121"}],"version-history":[{"count":0,"href":"https:\/\/meier-gerdingh.de\/wp-spd-ob\/wp-json\/wp\/v2\/posts\/10121\/revisions"}],"wp:attachment":[{"href":"https:\/\/meier-gerdingh.de\/wp-spd-ob\/wp-json\/wp\/v2\/media?parent=10121"}],"wp:term":[{"taxonomy":"category","embeddable":true,"href":"https:\/\/meier-gerdingh.de\/wp-spd-ob\/wp-json\/wp\/v2\/categories?post=10121"},{"taxonomy":"post_tag","embeddable":true,"href":"https:\/\/meier-gerdingh.de\/wp-spd-ob\/wp-json\/wp\/v2\/tags?post=10121"},{"taxonomy":"quellen","embeddable":true,"href":"https:\/\/meier-gerdingh.de\/wp-spd-ob\/wp-json\/wp\/v2\/quellen?post=10121"}],"curies":[{"name":"wp","href":"https:\/\/api.w.org\/{rel}","templated":true}]}}