{"id":10128,"date":"2023-02-15T17:47:27","date_gmt":"2023-02-15T16:47:27","guid":{"rendered":"https:\/\/meier-gerdingh.de\/wp-spd-ob\/?p=10128"},"modified":"2023-02-20T18:18:12","modified_gmt":"2023-02-20T17:18:12","slug":"nrw-unterstuetzt-vereine","status":"publish","type":"post","link":"https:\/\/meier-gerdingh.de\/wp-spd-ob\/2023\/02\/15\/nrw-unterstuetzt-vereine\/","title":{"rendered":"NRW unterst\u00fctzt Vereine"},"content":{"rendered":"<div id=\"attachment_9529\" style=\"width: 170px\" class=\"wp-caption alignleft\"><a href=\"https:\/\/meier-gerdingh.de\/wp-spd-ob\/wp-content\/uploads\/2022\/10\/zimkeit-stefan-22-lg.jpg\"><img aria-describedby=\"caption-attachment-9529\" decoding=\"async\" class=\"size-full wp-image-9529\" src=\"https:\/\/meier-gerdingh.de\/wp-spd-ob\/wp-content\/uploads\/2022\/10\/zimkeit-stefan-22.jpg\" alt=\"\" width=\"160\" height=\"200\" \/><\/a><p id=\"caption-attachment-9529\" class=\"wp-caption-text\">Stefan Zimkeit ist Landtagsabgeordneter f\u00fcr Oberhausen-Sterkrade und finanzpolitischer Sprecher der SPD-Landtagsfraktion<\/p><\/div>\n<p>&#8222;Der Landessportbund nimmt ab sofort Antr\u00e4ge auf Energiekostenhilfen an&#8220;, teilt Stefan Zimkeit mit. &#8222;Mit dieser Soforthilfe greift das Land NRW den Sportvereinen unter die Arme, die nicht mehr wissen, wie sie die gestiegenen Kosten f\u00fcr Strom, Gas oder \u00d6l auffangen sollen.&#8220; Der SPD-Haushaltsexperte begr\u00fc\u00dft es, dass das Hilfsprogramm jetzt endlich anl\u00e4uft. &#8222;Im letzten Jahr hatte die Landesregierung einen entsprechenden Vorschlag der SPD noch abgelehnt&#8220;, bedauert Zimkeit die Zeitverz\u00f6gerung.<\/p>\n<p>&#8222;Es darf nicht sein, dass die in Folge des russischen Angriffskriegs entstanden Mehrkosten bei den Vereinen und den in ihnen engagierten Menschen h\u00e4ngen bleiben. Deswegen habe ich mich im Landtag schon lange vor dem beginnenden Winter f\u00fcr ein solches Hilfsprogramm eingesetzt. Denn der Sport ist f\u00fcr das soziale Miteinander unverzichtbar.<!--more--><\/p>\n<p>Antragsberechtigt sind Vereine und andere gemeinn\u00fctzige Organisationen, die bei der Nutzung von Sportst\u00e4tten \u2013 beispielsweise Turnhallen oder Umkleider\u00e4umen \u2013 mit zus\u00e4tzlichen Energiekosten konfrontiert sind. Die H\u00f6he des Zuschusses betr\u00e4gt bis zu 60 Prozent der Ausgabensteigerungen und wird f\u00fcr die Monate April 2023 bis M\u00e4rz 2024 gew\u00e4hrt.<\/p>\n<p>Zimkeit bef\u00fcrwortet die Zusch\u00fcsse f\u00fcr die Sportvereine, weil sie eine gezielte Unterst\u00fctzung f\u00fcr das Ehrenamt vor Ort sind.<\/p>\n<p>&#8222;Aber auch andere gemeinn\u00fctzige Vereine, etwa aus den Bereichen Kultur, Soziales, Kinder- und Jugendarbeit, ben\u00f6tigen eine entsprechende Energiekostenhilfe&#8220;, betont Stefan Zimkeit und fordert ein solches Hilfsprogramm des Landes NRW. &#8222;Leider st\u00f6\u00dft dies bei der regierenden CDU-Gr\u00fcnen-Koalition bislang auf Ablehnung.&#8220;<\/p>\n","protected":false},"excerpt":{"rendered":"<p>&#8222;Der Landessportbund nimmt ab sofort Antr\u00e4ge auf Energiekostenhilfen an&#8220;, teilt Stefan Zimkeit mit. &#8222;Mit dieser Soforthilfe greift das Land NRW den Sportvereinen unter die Arme, die nicht mehr wissen, wie&hellip; <\/p>\n","protected":false},"author":1,"featured_media":0,"comment_status":"closed","ping_status":"closed","sticky":false,"template":"","format":"standard","meta":{"footnotes":""},"categories":[596,216,47],"tags":[3179,3399,3178,1208,3400,323,146],"quellen":[331],"class_list":["post-10128","post","type-post","status-publish","format-standard","hentry","category-ehrenamtliches-engagement","category-land","category-sport","tag-energiekosten","tag-energiekostenhilfe","tag-energiepreise","tag-gemeinnuetzige-vereine","tag-landessportbund-nrw","tag-sportvereine","tag-vereine","quellen-mdl-stefan-zimkeit"],"_links":{"self":[{"href":"https:\/\/meier-gerdingh.de\/wp-spd-ob\/wp-json\/wp\/v2\/posts\/10128","targetHints":{"allow":["GET"]}}],"collection":[{"href":"https:\/\/meier-gerdingh.de\/wp-spd-ob\/wp-json\/wp\/v2\/posts"}],"about":[{"href":"https:\/\/meier-gerdingh.de\/wp-spd-ob\/wp-json\/wp\/v2\/types\/post"}],"author":[{"embeddable":true,"href":"https:\/\/meier-gerdingh.de\/wp-spd-ob\/wp-json\/wp\/v2\/users\/1"}],"replies":[{"embeddable":true,"href":"https:\/\/meier-gerdingh.de\/wp-spd-ob\/wp-json\/wp\/v2\/comments?post=10128"}],"version-history":[{"count":0,"href":"https:\/\/meier-gerdingh.de\/wp-spd-ob\/wp-json\/wp\/v2\/posts\/10128\/revisions"}],"wp:attachment":[{"href":"https:\/\/meier-gerdingh.de\/wp-spd-ob\/wp-json\/wp\/v2\/media?parent=10128"}],"wp:term":[{"taxonomy":"category","embeddable":true,"href":"https:\/\/meier-gerdingh.de\/wp-spd-ob\/wp-json\/wp\/v2\/categories?post=10128"},{"taxonomy":"post_tag","embeddable":true,"href":"https:\/\/meier-gerdingh.de\/wp-spd-ob\/wp-json\/wp\/v2\/tags?post=10128"},{"taxonomy":"quellen","embeddable":true,"href":"https:\/\/meier-gerdingh.de\/wp-spd-ob\/wp-json\/wp\/v2\/quellen?post=10128"}],"curies":[{"name":"wp","href":"https:\/\/api.w.org\/{rel}","templated":true}]}}