{"id":10134,"date":"2023-02-20T17:56:36","date_gmt":"2023-02-20T16:56:36","guid":{"rendered":"https:\/\/meier-gerdingh.de\/wp-spd-ob\/?p=10134"},"modified":"2023-03-08T15:14:54","modified_gmt":"2023-03-08T14:14:54","slug":"solidaritaets-kundgebung-auf-dem-friedensplatz","status":"publish","type":"post","link":"https:\/\/meier-gerdingh.de\/wp-spd-ob\/2023\/02\/20\/solidaritaets-kundgebung-auf-dem-friedensplatz\/","title":{"rendered":"Solidarit\u00e4ts-Kundgebung auf dem Saporishja-Platz"},"content":{"rendered":"<p><a href=\"https:\/\/meier-gerdingh.de\/wp-spd-ob\/wp-content\/uploads\/2023\/02\/banner-1-jahr-ukraine-krieg-saporishja-platz-700.jpg\"><img decoding=\"async\" class=\"aligncenter size-full wp-image-10145\" src=\"https:\/\/meier-gerdingh.de\/wp-spd-ob\/wp-content\/uploads\/2023\/02\/banner-1-jahr-ukraine-krieg-saporishja-platz-700.jpg\" alt=\"\" width=\"700\" height=\"700\" srcset=\"https:\/\/meier-gerdingh.de\/wp-spd-ob\/wp-content\/uploads\/2023\/02\/banner-1-jahr-ukraine-krieg-saporishja-platz-700.jpg 700w, https:\/\/meier-gerdingh.de\/wp-spd-ob\/wp-content\/uploads\/2023\/02\/banner-1-jahr-ukraine-krieg-saporishja-platz-700-300x300.jpg 300w, https:\/\/meier-gerdingh.de\/wp-spd-ob\/wp-content\/uploads\/2023\/02\/banner-1-jahr-ukraine-krieg-saporishja-platz-700-150x150.jpg 150w, https:\/\/meier-gerdingh.de\/wp-spd-ob\/wp-content\/uploads\/2023\/02\/banner-1-jahr-ukraine-krieg-saporishja-platz-700-330x330.jpg 330w\" sizes=\"(max-width: 700px) 100vw, 700px\" \/><\/a>Ein Jahr ist vergangen, seitdem Putin seinen Angriffskrieg auf die gesamte Ukraine ausgeweitet hat. Auch unsere Partnerstadt Saporischja ist unter stetigem Beschuss russischer Bomben. Der Krieg hat auch uns vor gro\u00dfe Herausforderungen gestellt, aber Oberhausen hat gezeigt, dass es weiterhin solidarisch ist und der Freundschaft und V\u00f6lkerverst\u00e4ndigung unter Partnern weiterhin gerecht wird.<\/p>\n<p>Wir wollen den Menschen in der Ukraine, sowie den Menschen, die zu uns geflohen sind, ein Signal der Solidarit\u00e4t senden. Deshalb laden die Jusos gemeinsam mit den Jungen Liberalen, der Jungen Union und der Gr\u00fcnen Jugend ein zur <strong>Soli-Kundgebung am 24.02.2023, ab 18 Uhr auf dem Saporishja-Platz<\/strong>.<!--more--><\/p>\n<p>Beginnen werden wir mit einer Rede des Oberb\u00fcrgermeisters, anschlie\u00dfend wird es musikalische und politische Beitr\u00e4ge geben.<\/p>\n<p>Wir w\u00fcrden uns \u00fcber eine rege Teilnahme freuen.<\/p>\n<p>Solidarische Gr\u00fc\u00dfe und Gl\u00fcck Auf<\/p>\n<p><strong><em>Tim Tzscheppan<\/em><br \/>\nf\u00fcr die Oberhausener Jusos<\/strong><\/p>\n","protected":false},"excerpt":{"rendered":"<p>Ein Jahr ist vergangen, seitdem Putin seinen Angriffskrieg auf die gesamte Ukraine ausgeweitet hat. Auch unsere Partnerstadt Saporischja ist unter stetigem Beschuss russischer Bomben. Der Krieg hat auch uns vor&hellip; <\/p>\n","protected":false},"author":1,"featured_media":0,"comment_status":"closed","ping_status":"closed","sticky":false,"template":"","format":"standard","meta":{"footnotes":""},"categories":[171],"tags":[3401,3308,3403,3141,3140],"quellen":[362],"class_list":["post-10134","post","type-post","status-publish","format-standard","hentry","category-veranstaltungen","tag-kundgebung","tag-saporishja","tag-saporishja-platz","tag-ukraine","tag-ukraine-krieg","quellen-jusos-oberhausen"],"_links":{"self":[{"href":"https:\/\/meier-gerdingh.de\/wp-spd-ob\/wp-json\/wp\/v2\/posts\/10134","targetHints":{"allow":["GET"]}}],"collection":[{"href":"https:\/\/meier-gerdingh.de\/wp-spd-ob\/wp-json\/wp\/v2\/posts"}],"about":[{"href":"https:\/\/meier-gerdingh.de\/wp-spd-ob\/wp-json\/wp\/v2\/types\/post"}],"author":[{"embeddable":true,"href":"https:\/\/meier-gerdingh.de\/wp-spd-ob\/wp-json\/wp\/v2\/users\/1"}],"replies":[{"embeddable":true,"href":"https:\/\/meier-gerdingh.de\/wp-spd-ob\/wp-json\/wp\/v2\/comments?post=10134"}],"version-history":[{"count":0,"href":"https:\/\/meier-gerdingh.de\/wp-spd-ob\/wp-json\/wp\/v2\/posts\/10134\/revisions"}],"wp:attachment":[{"href":"https:\/\/meier-gerdingh.de\/wp-spd-ob\/wp-json\/wp\/v2\/media?parent=10134"}],"wp:term":[{"taxonomy":"category","embeddable":true,"href":"https:\/\/meier-gerdingh.de\/wp-spd-ob\/wp-json\/wp\/v2\/categories?post=10134"},{"taxonomy":"post_tag","embeddable":true,"href":"https:\/\/meier-gerdingh.de\/wp-spd-ob\/wp-json\/wp\/v2\/tags?post=10134"},{"taxonomy":"quellen","embeddable":true,"href":"https:\/\/meier-gerdingh.de\/wp-spd-ob\/wp-json\/wp\/v2\/quellen?post=10134"}],"curies":[{"name":"wp","href":"https:\/\/api.w.org\/{rel}","templated":true}]}}