{"id":10136,"date":"2023-02-20T16:33:03","date_gmt":"2023-02-20T15:33:03","guid":{"rendered":"https:\/\/meier-gerdingh.de\/wp-spd-ob\/?p=10136"},"modified":"2023-02-25T09:30:11","modified_gmt":"2023-02-25T08:30:11","slug":"alexis-heitmann-weiter-an-der-spitze-der-spd-in-alstaden-und-lirich-2","status":"publish","type":"post","link":"https:\/\/meier-gerdingh.de\/wp-spd-ob\/2023\/02\/20\/alexis-heitmann-weiter-an-der-spitze-der-spd-in-alstaden-und-lirich-2\/","title":{"rendered":"Alexis Heitmann weiter an der Spitze der SPD in Alstaden und Lirich"},"content":{"rendered":"<p><a href=\"https:\/\/meier-gerdingh.de\/wp-spd-ob\/wp-content\/uploads\/2023\/02\/banner-ov-west-700.png\"><img decoding=\"async\" class=\"aligncenter size-full wp-image-10153\" src=\"https:\/\/meier-gerdingh.de\/wp-spd-ob\/wp-content\/uploads\/2023\/02\/banner-ov-west-700.png\" alt=\"\" width=\"700\" height=\"183\" srcset=\"https:\/\/meier-gerdingh.de\/wp-spd-ob\/wp-content\/uploads\/2023\/02\/banner-ov-west-700.png 700w, https:\/\/meier-gerdingh.de\/wp-spd-ob\/wp-content\/uploads\/2023\/02\/banner-ov-west-700-300x78.png 300w\" sizes=\"(max-width: 700px) 100vw, 700px\" \/><\/a><\/p>\n<div id=\"attachment_10135\" style=\"width: 210px\" class=\"wp-caption alignleft\"><a href=\"https:\/\/meier-gerdingh.de\/wp-spd-ob\/wp-content\/uploads\/2022\/06\/heitmann-alexis.jpg\"><img aria-describedby=\"caption-attachment-10135\" decoding=\"async\" class=\"size-full wp-image-10135\" src=\"https:\/\/meier-gerdingh.de\/wp-spd-ob\/wp-content\/uploads\/2023\/02\/heitmann-alexis-200.jpg\" alt=\"\" width=\"200\" height=\"200\" srcset=\"https:\/\/meier-gerdingh.de\/wp-spd-ob\/wp-content\/uploads\/2023\/02\/heitmann-alexis-200.jpg 200w, https:\/\/meier-gerdingh.de\/wp-spd-ob\/wp-content\/uploads\/2023\/02\/heitmann-alexis-200-150x150.jpg 150w\" sizes=\"(max-width: 200px) 100vw, 200px\" \/><\/a><p id=\"caption-attachment-10135\" class=\"wp-caption-text\">Alexis Heitmann ist Vorsitzender des SPD-Ortsvereins Oberhausen-West<\/p><\/div>\n<p>Im Zuge der diesj\u00e4hrigen Jahreshauptversammlung des SPD-Ortsvereins Oberhausen-West wurde Alexis Heitmann als Ortsvereinsvorsitzender wiedergew\u00e4hlt. Einstimmig sprachen die rund 30 anwesenden Mitglieder ihm f\u00fcr zwei weitere Jahre das Vertrauen aus. Der 41-J\u00e4hrige leitet die SPD in Alstaden und Lirich seit dem Fr\u00fchjahr 2020. Als Stellvertreterin wurde die Landtagsabgeordnete Sonja Bongers, als Stellvertreter Ralf Bohnes im Amt best\u00e4tigt.<\/p>\n<p>In seinem Jahresbericht blickte der Vorsitzende auf zahlreiche Projekte f\u00fcr Alstaden und Lirich, die der Ortsverein im zur\u00fcckliegenden Jahr angesto\u00dfen oder eng begleitet habe. Beispielhaft nannte er die Pl\u00e4ne f\u00fcr die Neugestaltung des Ruhrparks, den Open-Air-Sport im Liricher Jochem-Park oder den Pr\u00fcfauftrag des Stadtrats zum Neubau einer st\u00e4dtischen Sporthalle f\u00fcr Alstaden.<!--more--><\/p>\n<p>Die M\u00f6glichkeit, das Leben vor Ort mitzugestalten sei auch mit ein Grund f\u00fcr den steten Zustrom neuer Mitglieder. In den zur\u00fcckliegenden zwei Jahren habe man insgesamt rund 20 neue Genossinnen und Genossen im Ortsverein begr\u00fc\u00dfen d\u00fcrfen. Gerade die Zahl der jungen Mitglieder unter 35 Jahren sei 2022 gestiegen.<\/p>\n<p>Heitmann f\u00fchrte aus, es sei das erkl\u00e4rte Ziel des Ortsvereins, nicht nur in Wahlkampfzeiten wahrgenommen zu werden. Sein Wunsch sei es, dass die SPD das ganze Jahr \u00fcber als K\u00fcmmerer im Stadtteil sichtbar und ansprechbar sei.<\/p>\n<p>Er nutzte die Gelegenheit auf einige Veranstaltungen in den n\u00e4chsten Wochen hinzuweisen, etwa auf den<\/p>\n<ul>\n<li><strong>SPD-Infostand im Gr\u00fcnen Winkel am 18.03.<\/strong>,<\/li>\n<li>das n\u00e4chste <strong>Stadtteilgespr\u00e4ch im Ruhrpott e. V. am 24.03.<\/strong> und<\/li>\n<li>auf die traditionelle <strong>Ostereiersuche im Ruhrpark am 09.04.2023<\/strong>.<\/li>\n<\/ul>\n<p>In den <strong>neuen Ortsvereinsvorstand<\/strong> wurden au\u00dferdem gew\u00e4hlt:<\/p>\n<p>Manfred Ecker und Jill Wasiak in der <strong>Schriftf\u00fchrung<\/strong>, Sascha B\u00f6hle und Michael Fendrich als <strong>Kassierer<\/strong>.<\/p>\n<p>Als <strong>Besitzerinnen und Beisitzer<\/strong> arbeiten im Leitungsteam des Ortsvereins k\u00fcnftig mit:<\/p>\n<ul>\n<li>Maximilian A\u00dfenmacher<\/li>\n<li>Gionatan De Castro<\/li>\n<li>Dagmar Heitmann<\/li>\n<li>Denise Horn<\/li>\n<li>Sandra Jungmaier<\/li>\n<li>Jutta Klu\u00df<\/li>\n<li>Michael Kreutz<\/li>\n<li>Vincent Lindemann<\/li>\n<li>Dietmar Look<\/li>\n<li>B\u00fclent \u015eahin<\/li>\n<\/ul>\n","protected":false},"excerpt":{"rendered":"<p>Im Zuge der diesj\u00e4hrigen Jahreshauptversammlung des SPD-Ortsvereins Oberhausen-West wurde Alexis Heitmann als Ortsvereinsvorsitzender wiedergew\u00e4hlt. Einstimmig sprachen die rund 30 anwesenden Mitglieder ihm f\u00fcr zwei weitere Jahre das Vertrauen aus. Der&hellip; <\/p>\n","protected":false},"author":1,"featured_media":0,"comment_status":"closed","ping_status":"closed","sticky":false,"template":"","format":"standard","meta":{"footnotes":""},"categories":[173],"tags":[134,71,183,3010,1853],"quellen":[335],"class_list":["post-10136","post","type-post","status-publish","format-standard","hentry","category-parteileben","tag-alstaden","tag-jahreshauptversammlung","tag-lirich","tag-neumitglieder","tag-ruhrpark","quellen-ov-west"],"_links":{"self":[{"href":"https:\/\/meier-gerdingh.de\/wp-spd-ob\/wp-json\/wp\/v2\/posts\/10136","targetHints":{"allow":["GET"]}}],"collection":[{"href":"https:\/\/meier-gerdingh.de\/wp-spd-ob\/wp-json\/wp\/v2\/posts"}],"about":[{"href":"https:\/\/meier-gerdingh.de\/wp-spd-ob\/wp-json\/wp\/v2\/types\/post"}],"author":[{"embeddable":true,"href":"https:\/\/meier-gerdingh.de\/wp-spd-ob\/wp-json\/wp\/v2\/users\/1"}],"replies":[{"embeddable":true,"href":"https:\/\/meier-gerdingh.de\/wp-spd-ob\/wp-json\/wp\/v2\/comments?post=10136"}],"version-history":[{"count":0,"href":"https:\/\/meier-gerdingh.de\/wp-spd-ob\/wp-json\/wp\/v2\/posts\/10136\/revisions"}],"wp:attachment":[{"href":"https:\/\/meier-gerdingh.de\/wp-spd-ob\/wp-json\/wp\/v2\/media?parent=10136"}],"wp:term":[{"taxonomy":"category","embeddable":true,"href":"https:\/\/meier-gerdingh.de\/wp-spd-ob\/wp-json\/wp\/v2\/categories?post=10136"},{"taxonomy":"post_tag","embeddable":true,"href":"https:\/\/meier-gerdingh.de\/wp-spd-ob\/wp-json\/wp\/v2\/tags?post=10136"},{"taxonomy":"quellen","embeddable":true,"href":"https:\/\/meier-gerdingh.de\/wp-spd-ob\/wp-json\/wp\/v2\/quellen?post=10136"}],"curies":[{"name":"wp","href":"https:\/\/api.w.org\/{rel}","templated":true}]}}