{"id":10193,"date":"2023-02-28T23:12:07","date_gmt":"2023-02-28T22:12:07","guid":{"rendered":"https:\/\/meier-gerdingh.de\/wp-spd-ob\/?p=10193"},"modified":"2023-02-28T23:12:07","modified_gmt":"2023-02-28T22:12:07","slug":"spd-hat-einen-online-maengelmelder","status":"publish","type":"post","link":"https:\/\/meier-gerdingh.de\/wp-spd-ob\/2023\/02\/28\/spd-hat-einen-online-maengelmelder\/","title":{"rendered":"SPD hat einen Online-M\u00e4ngelmelder"},"content":{"rendered":"<div id=\"attachment_7690\" style=\"width: 170px\" class=\"wp-caption alignleft\"><a href=\"https:\/\/meier-gerdingh.de\/wp-spd-ob\/wp-content\/uploads\/2020\/11\/bongers-sonja-2020-lg.jpg\"><img aria-describedby=\"caption-attachment-7690\" decoding=\"async\" class=\"size-full wp-image-7690\" src=\"https:\/\/meier-gerdingh.de\/wp-spd-ob\/wp-content\/uploads\/2020\/11\/bongers-sonja-2020.jpg\" alt=\"\" width=\"160\" height=\"200\" \/><\/a><p id=\"caption-attachment-7690\" class=\"wp-caption-text\">Sonja Bongers ist Vorsitzende der SPD-Ratsfraktion und Mitglied des Landtags von Nordrhein-Westfalen<\/p><\/div>\n<p>Die SPD-Ratsfraktion hat einen Online-M\u00e4ngelmelder ins Leben gerufen. Unter der Nummer <a href=\"tel:+4915753419478\">0157 53 41 94 78<\/a> erreichen schriftliche WhatsApp-Nachrichten das B\u00fcro der Fraktion. Wir wollen es f\u00fcr die B\u00fcrgerinnen und B\u00fcrgern so einfach wie m\u00f6glich machen, mit uns in Kontakt zu treten&#8220;, erkl\u00e4rt die Fraktionsvorsitzende Sonja Bongers.<\/p>\n<p>Wer ist nicht schon mal auf ein \u00c4rgernis gesto\u00dfen und hat sich gedacht: &#8218;Da m\u00fcssten sich unsere Parteien mal drum k\u00fcmmern&#8216;? Mit einer einfachen WhatsApp-Nachricht ist der Kontakt zur SPD-Ratsfraktion nun ganz schnell gekn\u00fcpft. Auch wenn wir gewiss nicht in jedem Fall helfen k\u00f6nnen, ist es doch unser Anspruch, von den gro\u00dfen und kleinen Sorgen und N\u00f6ten der Oberhausenerinnen und Oberhausener zu erfahren und Ihnen zu helfen, wo wir dies k\u00f6nnen&#8220;, erkl\u00e4rt Sonja Bongers abschlie\u00dfend.<!--more--><\/p>\n<p>Ein wichtiger Hinweis zum M\u00e4ngelmelder: Die Fraktion muss nat\u00fcrlich wissen, mit wem sie es zu tun hat, eventuell ergibt sich auch die eine oder andere R\u00fcckfrage. Die Nachricht sollte also m\u00f6glichst die Kontaktdaten enthalten und nicht anonym verschickt werden.<\/p>\n","protected":false},"excerpt":{"rendered":"<p>Die SPD-Ratsfraktion hat einen Online-M\u00e4ngelmelder ins Leben gerufen. Unter der Nummer 0157 53 41 94 78 erreichen schriftliche WhatsApp-Nachrichten das B\u00fcro der Fraktion. Wir wollen es f\u00fcr die B\u00fcrgerinnen und&hellip; <\/p>\n","protected":false},"author":1,"featured_media":0,"comment_status":"closed","ping_status":"closed","sticky":false,"template":"","format":"standard","meta":{"footnotes":""},"categories":[1],"tags":[3356,3415,3416],"quellen":[326],"class_list":["post-10193","post","type-post","status-publish","format-standard","hentry","category-allgemein","tag-buergerservice","tag-online-maengelmelder","tag-whatsapp","quellen-spd-fraktion-oberhausen"],"_links":{"self":[{"href":"https:\/\/meier-gerdingh.de\/wp-spd-ob\/wp-json\/wp\/v2\/posts\/10193","targetHints":{"allow":["GET"]}}],"collection":[{"href":"https:\/\/meier-gerdingh.de\/wp-spd-ob\/wp-json\/wp\/v2\/posts"}],"about":[{"href":"https:\/\/meier-gerdingh.de\/wp-spd-ob\/wp-json\/wp\/v2\/types\/post"}],"author":[{"embeddable":true,"href":"https:\/\/meier-gerdingh.de\/wp-spd-ob\/wp-json\/wp\/v2\/users\/1"}],"replies":[{"embeddable":true,"href":"https:\/\/meier-gerdingh.de\/wp-spd-ob\/wp-json\/wp\/v2\/comments?post=10193"}],"version-history":[{"count":0,"href":"https:\/\/meier-gerdingh.de\/wp-spd-ob\/wp-json\/wp\/v2\/posts\/10193\/revisions"}],"wp:attachment":[{"href":"https:\/\/meier-gerdingh.de\/wp-spd-ob\/wp-json\/wp\/v2\/media?parent=10193"}],"wp:term":[{"taxonomy":"category","embeddable":true,"href":"https:\/\/meier-gerdingh.de\/wp-spd-ob\/wp-json\/wp\/v2\/categories?post=10193"},{"taxonomy":"post_tag","embeddable":true,"href":"https:\/\/meier-gerdingh.de\/wp-spd-ob\/wp-json\/wp\/v2\/tags?post=10193"},{"taxonomy":"quellen","embeddable":true,"href":"https:\/\/meier-gerdingh.de\/wp-spd-ob\/wp-json\/wp\/v2\/quellen?post=10193"}],"curies":[{"name":"wp","href":"https:\/\/api.w.org\/{rel}","templated":true}]}}