{"id":10195,"date":"2023-03-02T18:03:32","date_gmt":"2023-03-02T17:03:32","guid":{"rendered":"https:\/\/meier-gerdingh.de\/wp-spd-ob\/?p=10195"},"modified":"2023-03-03T18:11:28","modified_gmt":"2023-03-03T17:11:28","slug":"lirich-hat-wertschaetzung-verdient","status":"publish","type":"post","link":"https:\/\/meier-gerdingh.de\/wp-spd-ob\/2023\/03\/02\/lirich-hat-wertschaetzung-verdient\/","title":{"rendered":"Lirich hat Wertsch\u00e4tzung verdient"},"content":{"rendered":"<div id=\"attachment_7690\" style=\"width: 170px\" class=\"wp-caption alignleft\"><a href=\"https:\/\/meier-gerdingh.de\/wp-spd-ob\/wp-content\/uploads\/2020\/11\/bongers-sonja-2020-lg.jpg\"><img aria-describedby=\"caption-attachment-7690\" decoding=\"async\" class=\"size-full wp-image-7690\" src=\"https:\/\/meier-gerdingh.de\/wp-spd-ob\/wp-content\/uploads\/2020\/11\/bongers-sonja-2020.jpg\" alt=\"\" width=\"160\" height=\"200\" \/><\/a><p id=\"caption-attachment-7690\" class=\"wp-caption-text\">Sonja Bongers ist Vorsitzende der SPD-Ratsfraktion und Mitglied des Landtags von Nordrhein-Westfalen<\/p><\/div>\n<p>In seiner Sitzung Anfang Februar hat der Oberhausener Rat mit gro\u00dfer Mehrheit die Anregung des Integrationsrates &#8222;Gemeinwesenarbeit als Demokratisierungsarbeit am Beispiel Oberhausen-Lirich&#8220; angenommen. Die Verwaltung ist nun beauftragt, diese Anregung zu pr\u00fcfen und den politischen Gremien einen Vorschlag zur praktischen Umsetzung vorzulegen.<\/p>\n<p>Doch was genau soll in Lirich geschehen, und was genau ist Gemeinwesenarbeit?<!--more--><\/p>\n<p>Die &#8222;Stiftung Mitarbeit&#8220; etwa, die seit den 1960er Jahren Demokratieentwicklung von unten unterst\u00fctzt, definiert Gemeinwesenarbeit als Arbeitsprinzip von Sozialarbeit, die auf die Verbesserung von Lebensbedingungen in benachteiligten Wohnquartieren unter Mithilfe der Einwohnerinnen und Einwohner abzielt.<\/p>\n<div id=\"attachment_9436\" style=\"width: 170px\" class=\"wp-caption alignleft\"><a href=\"https:\/\/meier-gerdingh.de\/wp-spd-ob\/wp-content\/uploads\/2022\/10\/sahin-buelent-portrait-lg.jpg\"><img aria-describedby=\"caption-attachment-9436\" decoding=\"async\" class=\"size-full wp-image-9436\" src=\"https:\/\/meier-gerdingh.de\/wp-spd-ob\/wp-content\/uploads\/2022\/10\/sahin-buelent-portrait.jpg\" alt=\"\" width=\"160\" height=\"200\" \/><\/a><p id=\"caption-attachment-9436\" class=\"wp-caption-text\">B\u00fclent Sahin ist direkt gew\u00e4hlter Stadtverordneter f\u00fcr Lirich-Nord<\/p><\/div>\n<p>Dies k\u00f6nnte geschehen durch Aktionsformen wie Haust\u00fcrgespr\u00e4che, Befragungen, Versammlungen, \u00d6ffentlichkeitsaktionen oder die Begleitung von m\u00f6glichst selbstst\u00e4ndig arbeitenden Bewohnergruppen.<\/p>\n<p>&#8222;Ein wertvoller Ansatz dieses Projektes ist es, dass nicht \u00fcber, sondern mit den Liricherinnen und Lirichern gesprochen wird&#8220;, so die SPD-Fraktionsvorsitzende Sonja Bongers, Stadtverordnete f\u00fcr Lirich-S\u00fcd.<\/p>\n<p>Au\u00dferdem gelte es, den Menschen das Gef\u00fchl von Ohnmacht angesichts wachsender, sozialer Probleme zu nehmen und sie in die Lage zu versetzen, die eigene Situation zu verbessern. Das kann durch die Organisation von Nachbarschaftshilfen geschehen oder von Tauschringen, durch Konfliktmediation, Vereinsorganisation oder dergleichen mehr.<\/p>\n<p>&#8222;Wir wollen den Menschen nicht nur das Gef\u00fchl geben, dass sie geh\u00f6rt werden \u2013 sie sollen auch erfahren, dass sie Verh\u00e4ltnisse nicht einfach hinnehmen m\u00fcssen, sondern dass wir alle gemeinsam aktiv daran arbeiten k\u00f6nnen, Lirich zu einem noch lebenswerteren Stadtteil zu machen&#8220;, erkl\u00e4rt der Stadtverordnete B\u00fclent Sahin, sozialdemokratischer Stadtverordneter f\u00fcr Lirich-Nord.<\/p>\n","protected":false},"excerpt":{"rendered":"<p>In seiner Sitzung Anfang Februar hat der Oberhausener Rat mit gro\u00dfer Mehrheit die Anregung des Integrationsrates &#8222;Gemeinwesenarbeit als Demokratisierungsarbeit am Beispiel Oberhausen-Lirich&#8220; angenommen. Die Verwaltung ist nun beauftragt, diese Anregung&hellip; <\/p>\n","protected":false},"author":1,"featured_media":0,"comment_status":"closed","ping_status":"closed","sticky":false,"template":"","format":"standard","meta":{"footnotes":""},"categories":[167],"tags":[3417,183,3418,3419],"quellen":[326],"class_list":["post-10195","post","type-post","status-publish","format-standard","hentry","category-stadtteile","tag-gemeinwesenarbeit","tag-lirich","tag-lirich-nord","tag-lirich-sued","quellen-spd-fraktion-oberhausen"],"_links":{"self":[{"href":"https:\/\/meier-gerdingh.de\/wp-spd-ob\/wp-json\/wp\/v2\/posts\/10195","targetHints":{"allow":["GET"]}}],"collection":[{"href":"https:\/\/meier-gerdingh.de\/wp-spd-ob\/wp-json\/wp\/v2\/posts"}],"about":[{"href":"https:\/\/meier-gerdingh.de\/wp-spd-ob\/wp-json\/wp\/v2\/types\/post"}],"author":[{"embeddable":true,"href":"https:\/\/meier-gerdingh.de\/wp-spd-ob\/wp-json\/wp\/v2\/users\/1"}],"replies":[{"embeddable":true,"href":"https:\/\/meier-gerdingh.de\/wp-spd-ob\/wp-json\/wp\/v2\/comments?post=10195"}],"version-history":[{"count":0,"href":"https:\/\/meier-gerdingh.de\/wp-spd-ob\/wp-json\/wp\/v2\/posts\/10195\/revisions"}],"wp:attachment":[{"href":"https:\/\/meier-gerdingh.de\/wp-spd-ob\/wp-json\/wp\/v2\/media?parent=10195"}],"wp:term":[{"taxonomy":"category","embeddable":true,"href":"https:\/\/meier-gerdingh.de\/wp-spd-ob\/wp-json\/wp\/v2\/categories?post=10195"},{"taxonomy":"post_tag","embeddable":true,"href":"https:\/\/meier-gerdingh.de\/wp-spd-ob\/wp-json\/wp\/v2\/tags?post=10195"},{"taxonomy":"quellen","embeddable":true,"href":"https:\/\/meier-gerdingh.de\/wp-spd-ob\/wp-json\/wp\/v2\/quellen?post=10195"}],"curies":[{"name":"wp","href":"https:\/\/api.w.org\/{rel}","templated":true}]}}