{"id":10199,"date":"2023-03-19T09:41:14","date_gmt":"2023-03-19T08:41:14","guid":{"rendered":"https:\/\/meier-gerdingh.de\/wp-spd-ob\/?p=10199"},"modified":"2023-03-19T09:45:44","modified_gmt":"2023-03-19T08:45:44","slug":"spd-in-alstaden-und-lirich-sucht-wieder-den-buergerdialog","status":"publish","type":"post","link":"https:\/\/meier-gerdingh.de\/wp-spd-ob\/2023\/03\/19\/spd-in-alstaden-und-lirich-sucht-wieder-den-buergerdialog\/","title":{"rendered":"SPD in Alstaden und Lirich sucht wieder den B\u00fcrgerdialog"},"content":{"rendered":"<p><a href=\"https:\/\/meier-gerdingh.de\/wp-spd-ob\/wp-content\/uploads\/2023\/03\/ov-west-stadtteilgespraech-alstaden-23-03-24.jpg\"><img decoding=\"async\" class=\"aligncenter size-full wp-image-10247\" src=\"https:\/\/meier-gerdingh.de\/wp-spd-ob\/wp-content\/uploads\/2023\/03\/ov-west-stadtteilgespraech-alstaden-23-03-24.jpg\" alt=\"\" width=\"700\" height=\"700\" srcset=\"https:\/\/meier-gerdingh.de\/wp-spd-ob\/wp-content\/uploads\/2023\/03\/ov-west-stadtteilgespraech-alstaden-23-03-24.jpg 700w, https:\/\/meier-gerdingh.de\/wp-spd-ob\/wp-content\/uploads\/2023\/03\/ov-west-stadtteilgespraech-alstaden-23-03-24-300x300.jpg 300w, https:\/\/meier-gerdingh.de\/wp-spd-ob\/wp-content\/uploads\/2023\/03\/ov-west-stadtteilgespraech-alstaden-23-03-24-150x150.jpg 150w, https:\/\/meier-gerdingh.de\/wp-spd-ob\/wp-content\/uploads\/2023\/03\/ov-west-stadtteilgespraech-alstaden-23-03-24-330x330.jpg 330w\" sizes=\"(max-width: 700px) 100vw, 700px\" \/><\/a>Der SPD-Ortsverein Oberhausen-West, zust\u00e4ndig f\u00fcr die Stadtteile Alstaden und Lirich, l\u00e4dt zu zwei weiteren Gespr\u00e4chsformaten ein:<\/p>\n<p>Am <strong>Samstag, 18.03.2023<\/strong>, ist die SPD <strong>zwischen 10.00 und 13.00 Uhr<\/strong> mit einem <strong>Infostand auf der Stra\u00dfe Gr\u00fcner Winkel<\/strong>, H\u00f6he Hausnummer 18, f\u00fcr Fragen, Anliegen und Themen der B\u00fcrgerinnen und B\u00fcrger vor Ort. &#8222;Es ist uns wichtig, von den Menschen im Stadtteil nicht nur gesehen zu werden, wenn gerade wieder Wahlkampf ist. Wir wollen das ganze Jahr \u00fcber als K\u00fcmmerer und Ansprechpartner erreichbar sein,&#8220; so die zust\u00e4ndige <strong>Stadtverordnete f\u00fcr Alstaden-Nord, Dagmar Heitmann<\/strong>.<\/p>\n<p>Eine Woche sp\u00e4ter, am <strong>Freitag, 24.03.2023<\/strong>, findet das n\u00e4chste <strong>Alstadener Stadtteilgespr\u00e4ch<\/strong> statt. Hierf\u00fcr konnte die SPD einen spannenden Referenten gewinnen. Ab 18.00 Uhr tr\u00e4gt <strong>Rechtsanwalt Stefan Salecker vom Mieterbund Rhein-Ruhr<\/strong> zu Fragen rund um Energiekosten, Mieterschutz und die Betriebskostenabrechnung vor. Im Anschluss stehen die Alstadener SPD-Stadtverordneten <strong>Denise Horn, Dietmar Look, Dagmar Heitmann<\/strong> und die Landtagsabgeordnete <strong>Sonja Bongers<\/strong> f\u00fcr Gespr\u00e4che und Anliegen zur Verf\u00fcgung.<\/p>\n<p>Veranstaltungsort ist der <strong>B\u00fcrgertreff Ruhrpott, Hauerweg 16\u00a0a, 46049 Oberhausen<\/strong>.<!--more--><\/p>\n<p>Die Teilnahme an beiden Veranstaltungen ist selbstverst\u00e4ndlich kostenlos, eine vorherige Anmeldung ist nicht erforderlich.<\/p>\n","protected":false},"excerpt":{"rendered":"<p>Der SPD-Ortsverein Oberhausen-West, zust\u00e4ndig f\u00fcr die Stadtteile Alstaden und Lirich, l\u00e4dt zu zwei weiteren Gespr\u00e4chsformaten ein: Am Samstag, 18.03.2023, ist die SPD zwischen 10.00 und 13.00 Uhr mit einem Infostand&hellip; <\/p>\n","protected":false},"author":1,"featured_media":0,"comment_status":"closed","ping_status":"closed","sticky":false,"template":"","format":"standard","meta":{"footnotes":""},"categories":[171],"tags":[134,3426,3012,3427,3179,1671,183,1882],"quellen":[335],"class_list":["post-10199","post","type-post","status-publish","format-standard","hentry","category-veranstaltungen","tag-alstaden","tag-betriebskostenabrechnung","tag-buergerdialog","tag-buergertreff-ruhrpott","tag-energiekosten","tag-infostand","tag-lirich","tag-mieterschutz","quellen-ov-west"],"_links":{"self":[{"href":"https:\/\/meier-gerdingh.de\/wp-spd-ob\/wp-json\/wp\/v2\/posts\/10199","targetHints":{"allow":["GET"]}}],"collection":[{"href":"https:\/\/meier-gerdingh.de\/wp-spd-ob\/wp-json\/wp\/v2\/posts"}],"about":[{"href":"https:\/\/meier-gerdingh.de\/wp-spd-ob\/wp-json\/wp\/v2\/types\/post"}],"author":[{"embeddable":true,"href":"https:\/\/meier-gerdingh.de\/wp-spd-ob\/wp-json\/wp\/v2\/users\/1"}],"replies":[{"embeddable":true,"href":"https:\/\/meier-gerdingh.de\/wp-spd-ob\/wp-json\/wp\/v2\/comments?post=10199"}],"version-history":[{"count":0,"href":"https:\/\/meier-gerdingh.de\/wp-spd-ob\/wp-json\/wp\/v2\/posts\/10199\/revisions"}],"wp:attachment":[{"href":"https:\/\/meier-gerdingh.de\/wp-spd-ob\/wp-json\/wp\/v2\/media?parent=10199"}],"wp:term":[{"taxonomy":"category","embeddable":true,"href":"https:\/\/meier-gerdingh.de\/wp-spd-ob\/wp-json\/wp\/v2\/categories?post=10199"},{"taxonomy":"post_tag","embeddable":true,"href":"https:\/\/meier-gerdingh.de\/wp-spd-ob\/wp-json\/wp\/v2\/tags?post=10199"},{"taxonomy":"quellen","embeddable":true,"href":"https:\/\/meier-gerdingh.de\/wp-spd-ob\/wp-json\/wp\/v2\/quellen?post=10199"}],"curies":[{"name":"wp","href":"https:\/\/api.w.org\/{rel}","templated":true}]}}