{"id":102,"date":"1999-09-16T16:00:00","date_gmt":"1999-09-16T14:00:00","guid":{"rendered":"http:\/\/www.meier-gerdingh.de\/spd-oberhausen\/wp\/?p=102"},"modified":"2017-03-03T21:37:55","modified_gmt":"2017-03-03T20:37:55","slug":"kein-dritter-buergermeister","status":"publish","type":"post","link":"https:\/\/meier-gerdingh.de\/wp-spd-ob\/1999\/09\/16\/kein-dritter-buergermeister\/","title":{"rendered":"Kein dritter B\u00fcrgermeister"},"content":{"rendered":"<div style=\"width: 150px\" class=\"wp-caption alignleft\"><a href=\"http:\/\/meier-gerdingh.de\/wp-spd-ob\/wp-content\/uploads\/groschek.jpg\"><img decoding=\"async\" class=\"size-full\" src=\"http:\/\/meier-gerdingh.de\/wp-spd-ob\/wp-content\/uploads\/groschek.jpg\" alt=\"Michael Groschek: Mit der SPD-Fraktion wird es keinen dritten B\u00fcrgermeister geben\" width=\"140\" height=\"180\" \/><\/a><p class=\"wp-caption-text\">Michael Groschek: Mit der SPD-Fraktion wird es keinen dritten B\u00fcrgermeister geben<\/p><\/div>\n<p>Entgegen allen Spekulationen wird die SPD-Fraktion nicht die Einrichtung eines zus\u00e4tzlichen B\u00fcrgermeisters beantragen, darauf verweist ihr erneut gew\u00e4hlter Vorsitzender Michael Groschek. Am Montag, so Groschek, werde er sowohl im Fraktionsvorstand wie in der Fraktion vorschlagen, es bei der derzeitigen Regelung von zwei B\u00fcrgermeistern zu belassen.<!--more--><\/p>\n<p>Die wachsende Zahl von Repr\u00e4sentationsverpflichtungen solle k\u00fcnftig auch verst\u00e4rkt durch die Vorsteher der drei Oberhausener Bezirksvertretungen wahrgenommen werden.<\/p>\n<p>&#8222;Als st\u00e4rkste Fraktion im neuen Stadtrat wollen wir den ersten B\u00fcrgermeister und damit direkten Stellvertreter des Oberb\u00fcrgermeisters stellen. Ich werde der Fraktion selbstverst\u00e4ndlich vorschlagen, Klaus Wehling erneut in dieses Amt zu w\u00e4hlen&#8220;, so der SPD-Fraktionsvorsitzende Michael Groschek.<\/p>\n","protected":false},"excerpt":{"rendered":"<p>Entgegen allen Spekulationen wird die SPD-Fraktion nicht die Einrichtung eines zus\u00e4tzlichen B\u00fcrgermeisters beantragen, darauf verweist ihr erneut gew\u00e4hlter Vorsitzender Michael Groschek. Am Montag, so Groschek, werde er sowohl im Fraktionsvorstand&hellip; <\/p>\n","protected":false},"author":1,"featured_media":0,"comment_status":"closed","ping_status":"closed","sticky":false,"template":"","format":"standard","meta":{"footnotes":""},"categories":[1],"tags":[],"quellen":[],"class_list":["post-102","post","type-post","status-publish","format-standard","hentry","category-allgemein"],"_links":{"self":[{"href":"https:\/\/meier-gerdingh.de\/wp-spd-ob\/wp-json\/wp\/v2\/posts\/102","targetHints":{"allow":["GET"]}}],"collection":[{"href":"https:\/\/meier-gerdingh.de\/wp-spd-ob\/wp-json\/wp\/v2\/posts"}],"about":[{"href":"https:\/\/meier-gerdingh.de\/wp-spd-ob\/wp-json\/wp\/v2\/types\/post"}],"author":[{"embeddable":true,"href":"https:\/\/meier-gerdingh.de\/wp-spd-ob\/wp-json\/wp\/v2\/users\/1"}],"replies":[{"embeddable":true,"href":"https:\/\/meier-gerdingh.de\/wp-spd-ob\/wp-json\/wp\/v2\/comments?post=102"}],"version-history":[{"count":0,"href":"https:\/\/meier-gerdingh.de\/wp-spd-ob\/wp-json\/wp\/v2\/posts\/102\/revisions"}],"wp:attachment":[{"href":"https:\/\/meier-gerdingh.de\/wp-spd-ob\/wp-json\/wp\/v2\/media?parent=102"}],"wp:term":[{"taxonomy":"category","embeddable":true,"href":"https:\/\/meier-gerdingh.de\/wp-spd-ob\/wp-json\/wp\/v2\/categories?post=102"},{"taxonomy":"post_tag","embeddable":true,"href":"https:\/\/meier-gerdingh.de\/wp-spd-ob\/wp-json\/wp\/v2\/tags?post=102"},{"taxonomy":"quellen","embeddable":true,"href":"https:\/\/meier-gerdingh.de\/wp-spd-ob\/wp-json\/wp\/v2\/quellen?post=102"}],"curies":[{"name":"wp","href":"https:\/\/api.w.org\/{rel}","templated":true}]}}