{"id":10219,"date":"2023-03-14T17:10:57","date_gmt":"2023-03-14T16:10:57","guid":{"rendered":"https:\/\/meier-gerdingh.de\/wp-spd-ob\/?p=10219"},"modified":"2023-03-15T12:15:58","modified_gmt":"2023-03-15T11:15:58","slug":"spd-freut-sich-ueber-bewegung-bei-segmueller","status":"publish","type":"post","link":"https:\/\/meier-gerdingh.de\/wp-spd-ob\/2023\/03\/14\/spd-freut-sich-ueber-bewegung-bei-segmueller\/","title":{"rendered":"SPD freut sich \u00fcber Bewegung bei Segm\u00fcller"},"content":{"rendered":"<div id=\"attachment_7690\" style=\"width: 170px\" class=\"wp-caption alignleft\"><a href=\"https:\/\/meier-gerdingh.de\/wp-spd-ob\/wp-content\/uploads\/2020\/11\/bongers-sonja-2020-lg.jpg\"><img aria-describedby=\"caption-attachment-7690\" decoding=\"async\" class=\"size-full wp-image-7690\" src=\"https:\/\/meier-gerdingh.de\/wp-spd-ob\/wp-content\/uploads\/2020\/11\/bongers-sonja-2020.jpg\" alt=\"\" width=\"160\" height=\"200\" \/><\/a><p id=\"caption-attachment-7690\" class=\"wp-caption-text\">Sonja Bongers ist Vorsitzende der SPD-Ratsfraktion und Mitglied des Landtags von Nordrhein-Westfalen<\/p><\/div>\n<p>Die SPD-Ratsfraktion freut sich \u00fcber den positiven Ausgang der Reise von Oberb\u00fcrgermeister Daniel Schranz und des Planungsdezernenten Thomas Palotz nach Parsdorf bei M\u00fcnchen, um mit Segm\u00fcller \u00fcber eine Wohnbebauung auf dem Areal des ehemaligen M\u00f6belhauses Finke zu sprechen. Segm\u00fcller werde den Standort selbst entwickeln, im Sommer sei ein erneutes Treffen geplant, teilte der OB mit.<\/p>\n<p>&#8222;Diese Entwicklung verfolgt ja das Ziel unseres 2021 eingebrachten und verabschiedeten <a href=\"https:\/\/allris.oberhausen.de\/bi\/vo020.asp?VOLFDNR=15371\">Antrags zur Pr\u00fcfung des Kaufs und der Entwicklung des leerstehenden M\u00f6belhauses zu einem Mehrgenerationenwohnkomplex&#8220;<\/a>, erkl\u00e4rt die Fraktionsvorsitzende Sonja Bongers. &#8222;Vielleicht hat ja auch die dokumentierte Bereitschaft der Politik, sich mit dem Kauf und der Entwicklung des Areals verst\u00e4rkt selbst zu befassen, die Entscheidungsfindung bei Segm\u00fcller zumindest beeinflusst.&#8220;<!--more--><\/p>\n<p>Nun warten die Sozialdemokraten gespannt auf die Pl\u00e4ne Segm\u00fcllers.<\/p>\n<p>&#8222;Mit Blick auf die Zusammensetzung der Sterkrader Bev\u00f6lkerung und den Seniorenf\u00f6rderplan der Stadt halten wir einen Mehrgenerationenkomplex, der nicht nur auf ein reines Wohnangebot, sondern auch auf komplement\u00e4re Dienste setzt, an dieser Stelle nach wie vor f\u00fcr sinnvoll&#8220;, erkl\u00e4rt Ercan Telli, sozialpolitischer Sprecher der SPD-Fraktion.<\/p>\n","protected":false},"excerpt":{"rendered":"<p>Die SPD-Ratsfraktion freut sich \u00fcber den positiven Ausgang der Reise von Oberb\u00fcrgermeister Daniel Schranz und des Planungsdezernenten Thomas Palotz nach Parsdorf bei M\u00fcnchen, um mit Segm\u00fcller \u00fcber eine Wohnbebauung auf&hellip; <\/p>\n","protected":false},"author":1,"featured_media":0,"comment_status":"closed","ping_status":"closed","sticky":false,"template":"","format":"standard","meta":{"footnotes":""},"categories":[16,167],"tags":[3259,3431,3429,3377,46,3430],"quellen":[326],"class_list":["post-10219","post","type-post","status-publish","format-standard","hentry","category-stadtentwicklung","category-stadtteile","tag-mehrgenerationenwohnen","tag-mehrgenerationenwohnkomplex","tag-moebelhaus-finke","tag-segmueller","tag-sterkrade","tag-sterkrade-mitte","quellen-spd-fraktion-oberhausen"],"_links":{"self":[{"href":"https:\/\/meier-gerdingh.de\/wp-spd-ob\/wp-json\/wp\/v2\/posts\/10219","targetHints":{"allow":["GET"]}}],"collection":[{"href":"https:\/\/meier-gerdingh.de\/wp-spd-ob\/wp-json\/wp\/v2\/posts"}],"about":[{"href":"https:\/\/meier-gerdingh.de\/wp-spd-ob\/wp-json\/wp\/v2\/types\/post"}],"author":[{"embeddable":true,"href":"https:\/\/meier-gerdingh.de\/wp-spd-ob\/wp-json\/wp\/v2\/users\/1"}],"replies":[{"embeddable":true,"href":"https:\/\/meier-gerdingh.de\/wp-spd-ob\/wp-json\/wp\/v2\/comments?post=10219"}],"version-history":[{"count":0,"href":"https:\/\/meier-gerdingh.de\/wp-spd-ob\/wp-json\/wp\/v2\/posts\/10219\/revisions"}],"wp:attachment":[{"href":"https:\/\/meier-gerdingh.de\/wp-spd-ob\/wp-json\/wp\/v2\/media?parent=10219"}],"wp:term":[{"taxonomy":"category","embeddable":true,"href":"https:\/\/meier-gerdingh.de\/wp-spd-ob\/wp-json\/wp\/v2\/categories?post=10219"},{"taxonomy":"post_tag","embeddable":true,"href":"https:\/\/meier-gerdingh.de\/wp-spd-ob\/wp-json\/wp\/v2\/tags?post=10219"},{"taxonomy":"quellen","embeddable":true,"href":"https:\/\/meier-gerdingh.de\/wp-spd-ob\/wp-json\/wp\/v2\/quellen?post=10219"}],"curies":[{"name":"wp","href":"https:\/\/api.w.org\/{rel}","templated":true}]}}