{"id":1022,"date":"2012-12-10T17:00:00","date_gmt":"2012-12-10T15:00:00","guid":{"rendered":"http:\/\/www.meier-gerdingh.de\/spd-oberhausen\/wp\/?p=1022"},"modified":"2017-05-17T16:51:49","modified_gmt":"2017-05-17T14:51:49","slug":"delegation-begeistert-von-steinbruecks-rede-und-dem-ergebnis","status":"publish","type":"post","link":"https:\/\/meier-gerdingh.de\/wp-spd-ob\/2012\/12\/10\/delegation-begeistert-von-steinbruecks-rede-und-dem-ergebnis\/","title":{"rendered":"Delegation begeistert von Steinbr\u00fccks Rede und dem Ergebnis"},"content":{"rendered":"<div style=\"width: 210px\" class=\"wp-caption alignleft\"><a href=\"http:\/\/meier-gerdingh.de\/wp-spd-ob\/wp-content\/uploads\/bundesparteitag_2012_hannover.jpg\"><img decoding=\"async\" class=\"size-full\" src=\"http:\/\/meier-gerdingh.de\/wp-spd-ob\/wp-content\/uploads\/bundesparteitag_2012_hannover.jpg\" alt=\"Vertraten den SPD-Unterbezirk Oberhausen auf dem Bundesparteitag in Hannover: Karl-Heinz Emmerich und Elia Albrecht-Mainz\" width=\"200\" height=\"143\" \/><\/a><p class=\"wp-caption-text\">Vertraten den SPD-Unterbezirk Oberhausen auf dem Bundesparteitag in Hannover: Karl-Heinz Emmerich und Elia Albrecht-Mainz<\/p><\/div>\n<p>Mehr als 4000 Delegierte und G\u00e4ste hatten sich in der Messe Hannover eingefunden, um auf dem Bundesparteitag der SPD die Nominierung Peer Steinbr\u00fccks als SPD-Kanzlerkandidat zu erleben. Mit 93,45 Prozent wurde dies dann auch in die Tat umgesetzt. Dazu bei trugen die Delegierten Elia Albrecht-Mainz (B\u00fcrgermeisterin und stellvertretende Vorsitzende SPD Oberhausen) und Karl-Heinz Emmerich (Stellvertretender Vorsitzender der SPD-Fraktion Oberhausen und Stadtverordneter f\u00fcr Buschhausen). Begleitet wurden sie von dem Bundestagskandidaten der SPD in Oberhausen und Dinslaken Dirk V\u00f6pel. Ebenfalls war der Oberhausener SPD-Vorsitzende Michael Groschek in seiner Funktion als Mitglied des Vorstandes der Bundespartei mit auf dem Pr\u00e4sidium.<!--more--><\/p>\n<p>Eine wirklich beeindruckende Rede, in der Peer Steinbr\u00fcck ganz klar gezeigt hat, wo er und die SPD hin wollen, da ist sich die Delegation einig. Besonders imponiert haben S\u00e4tze wie &#8222;Sagen, was man denkt. Tun, was man sagt. Sein, was man tut!&#8220; oder &#8222;Gerechtigkeit ist mein Thema f\u00fcr diesen Wahlkampf&#8220;.<\/p>\n<p>Viele wichtige Aufgaben sprach der nun best\u00e4tigte Kanzlerkandidat an: Steuererh\u00f6hungen f\u00fcr Wohlhabende, mehr Anstrengung f\u00fcr die Gleichstellung der Geschlechter oder die Ver\u00e4nderung des Arbeitsrechtes in etlichen Punkten. Ebenso erntete Steinbr\u00fcck Unterst\u00fctzung bei seiner Ank\u00fcndigung ein Aktionsprogramm zu Wohnen und Stadtentwicklung zu erarbeiten. &#8222;Dies ist die richtige Antwort auf das politische Schweigen der Bundesregierung&#8220;, kommentiert Michael Groschek.<\/p>\n<p>Auch die klare Aussage, dass Steinbr\u00fcck f\u00fcr Rot-Gr\u00fcn k\u00e4mpfe und dass er f\u00fcr eine gro\u00dfe Koalition nicht zur Verf\u00fcgung stehen w\u00fcrde, \u00fcberzeugte die Delegierten. Nach der Rede gab es minutenlangen Beifall. Auch NRW-Ministerpr\u00e4sidentin Hannelore Kraft unterst\u00fctzte Steinbr\u00fcck: &#8222;Schwarz-Gelb muss sich warm anziehen!&#8220;<\/p>\n","protected":false},"excerpt":{"rendered":"<p>Mehr als 4000 Delegierte und G\u00e4ste hatten sich in der Messe Hannover eingefunden, um auf dem Bundesparteitag der SPD die Nominierung Peer Steinbr\u00fccks als SPD-Kanzlerkandidat zu erleben. Mit 93,45 Prozent&hellip; <\/p>\n","protected":false},"author":1,"featured_media":0,"comment_status":"closed","ping_status":"closed","sticky":false,"template":"","format":"standard","meta":{"footnotes":""},"categories":[1],"tags":[],"quellen":[],"class_list":["post-1022","post","type-post","status-publish","format-standard","hentry","category-allgemein"],"_links":{"self":[{"href":"https:\/\/meier-gerdingh.de\/wp-spd-ob\/wp-json\/wp\/v2\/posts\/1022","targetHints":{"allow":["GET"]}}],"collection":[{"href":"https:\/\/meier-gerdingh.de\/wp-spd-ob\/wp-json\/wp\/v2\/posts"}],"about":[{"href":"https:\/\/meier-gerdingh.de\/wp-spd-ob\/wp-json\/wp\/v2\/types\/post"}],"author":[{"embeddable":true,"href":"https:\/\/meier-gerdingh.de\/wp-spd-ob\/wp-json\/wp\/v2\/users\/1"}],"replies":[{"embeddable":true,"href":"https:\/\/meier-gerdingh.de\/wp-spd-ob\/wp-json\/wp\/v2\/comments?post=1022"}],"version-history":[{"count":0,"href":"https:\/\/meier-gerdingh.de\/wp-spd-ob\/wp-json\/wp\/v2\/posts\/1022\/revisions"}],"wp:attachment":[{"href":"https:\/\/meier-gerdingh.de\/wp-spd-ob\/wp-json\/wp\/v2\/media?parent=1022"}],"wp:term":[{"taxonomy":"category","embeddable":true,"href":"https:\/\/meier-gerdingh.de\/wp-spd-ob\/wp-json\/wp\/v2\/categories?post=1022"},{"taxonomy":"post_tag","embeddable":true,"href":"https:\/\/meier-gerdingh.de\/wp-spd-ob\/wp-json\/wp\/v2\/tags?post=1022"},{"taxonomy":"quellen","embeddable":true,"href":"https:\/\/meier-gerdingh.de\/wp-spd-ob\/wp-json\/wp\/v2\/quellen?post=1022"}],"curies":[{"name":"wp","href":"https:\/\/api.w.org\/{rel}","templated":true}]}}