{"id":10222,"date":"2023-03-16T18:14:06","date_gmt":"2023-03-16T17:14:06","guid":{"rendered":"https:\/\/meier-gerdingh.de\/wp-spd-ob\/?p=10222"},"modified":"2023-03-16T18:14:06","modified_gmt":"2023-03-16T17:14:06","slug":"ab-mai-kommt-das-deutschland-ticket","status":"publish","type":"post","link":"https:\/\/meier-gerdingh.de\/wp-spd-ob\/2023\/03\/16\/ab-mai-kommt-das-deutschland-ticket\/","title":{"rendered":"Ab Mai kommt das Deutschland-Ticket!"},"content":{"rendered":"<p><a href=\"https:\/\/meier-gerdingh.de\/wp-spd-ob\/wp-content\/uploads\/2023\/03\/sharepic-deutschland-ticket.png\"><img decoding=\"async\" class=\"aligncenter size-full wp-image-10221\" src=\"https:\/\/meier-gerdingh.de\/wp-spd-ob\/wp-content\/uploads\/2023\/03\/sharepic-deutschland-ticket.png\" alt=\"\" width=\"700\" height=\"875\" srcset=\"https:\/\/meier-gerdingh.de\/wp-spd-ob\/wp-content\/uploads\/2023\/03\/sharepic-deutschland-ticket.png 700w, https:\/\/meier-gerdingh.de\/wp-spd-ob\/wp-content\/uploads\/2023\/03\/sharepic-deutschland-ticket-240x300.png 240w\" sizes=\"(max-width: 700px) 100vw, 700px\" \/><\/a>Heute beschlie\u00dfen wir im Bundestag die Finanzierung. Die L\u00e4nder bekommen daf\u00fcr 1,5 Milliarden Euro j\u00e4hrlich vom Bund und beteiligen sich selbst in gleicher H\u00f6he. Damit kann die \u00d6PNV- und Regio-Flat f\u00fcr ganz Deutschland am 1. Mai f\u00fcr 49 Euro im Monat starten, sobald der Bundesrat zugestimmt hat.<\/p>\n<p>Das Deutschland-Ticket soll ab dem 3. April verkauft werden, \u00fcbergangsweise auch in Papierform. Mit dem Ticket k\u00f6nnen Busse und Bahnen im gesamten Nah- und Regionalverkehr in ganz Deutschland genutzt werden. Damit revolutionieren wir den \u00f6ffentlichen Nahverkehr und schaffen einen wichtigen Baustein f\u00fcr die Mobilit\u00e4tswende!<\/p>\n","protected":false},"excerpt":{"rendered":"<p>Heute beschlie\u00dfen wir im Bundestag die Finanzierung. Die L\u00e4nder bekommen daf\u00fcr 1,5 Milliarden Euro j\u00e4hrlich vom Bund und beteiligen sich selbst in gleicher H\u00f6he. Damit kann die \u00d6PNV- und Regio-Flat&hellip; <\/p>\n","protected":false},"author":1,"featured_media":0,"comment_status":"closed","ping_status":"closed","sticky":false,"template":"","format":"standard","meta":{"footnotes":""},"categories":[180,3070],"tags":[2593,3432,3165,1043,55,3433,1103],"quellen":[330],"class_list":["post-10222","post","type-post","status-publish","format-standard","hentry","category-bund","category-mobilitaet","tag-busse-und-bahnen","tag-deutschland-ticket","tag-mobilitaetswende","tag-nahverkehr","tag-oepnv","tag-regio-flat","tag-regionalverkehr","quellen-mdb-dirk-voepel"],"_links":{"self":[{"href":"https:\/\/meier-gerdingh.de\/wp-spd-ob\/wp-json\/wp\/v2\/posts\/10222","targetHints":{"allow":["GET"]}}],"collection":[{"href":"https:\/\/meier-gerdingh.de\/wp-spd-ob\/wp-json\/wp\/v2\/posts"}],"about":[{"href":"https:\/\/meier-gerdingh.de\/wp-spd-ob\/wp-json\/wp\/v2\/types\/post"}],"author":[{"embeddable":true,"href":"https:\/\/meier-gerdingh.de\/wp-spd-ob\/wp-json\/wp\/v2\/users\/1"}],"replies":[{"embeddable":true,"href":"https:\/\/meier-gerdingh.de\/wp-spd-ob\/wp-json\/wp\/v2\/comments?post=10222"}],"version-history":[{"count":0,"href":"https:\/\/meier-gerdingh.de\/wp-spd-ob\/wp-json\/wp\/v2\/posts\/10222\/revisions"}],"wp:attachment":[{"href":"https:\/\/meier-gerdingh.de\/wp-spd-ob\/wp-json\/wp\/v2\/media?parent=10222"}],"wp:term":[{"taxonomy":"category","embeddable":true,"href":"https:\/\/meier-gerdingh.de\/wp-spd-ob\/wp-json\/wp\/v2\/categories?post=10222"},{"taxonomy":"post_tag","embeddable":true,"href":"https:\/\/meier-gerdingh.de\/wp-spd-ob\/wp-json\/wp\/v2\/tags?post=10222"},{"taxonomy":"quellen","embeddable":true,"href":"https:\/\/meier-gerdingh.de\/wp-spd-ob\/wp-json\/wp\/v2\/quellen?post=10222"}],"curies":[{"name":"wp","href":"https:\/\/api.w.org\/{rel}","templated":true}]}}