{"id":1024,"date":"2012-12-14T17:00:00","date_gmt":"2012-12-14T15:00:00","guid":{"rendered":"http:\/\/www.meier-gerdingh.de\/spd-oberhausen\/wp\/?p=1024"},"modified":"2017-05-17T16:51:15","modified_gmt":"2017-05-17T14:51:15","slug":"21-millionen-an-staedtebaufoerderung-fuer-lirich","status":"publish","type":"post","link":"https:\/\/meier-gerdingh.de\/wp-spd-ob\/2012\/12\/14\/21-millionen-an-staedtebaufoerderung-fuer-lirich\/","title":{"rendered":"2,1 Millionen an St\u00e4dtebauf\u00f6rderung f\u00fcr Lirich"},"content":{"rendered":"<div style=\"width: 150px\" class=\"wp-caption alignleft\"><a href=\"http:\/\/meier-gerdingh.de\/wp-spd-ob\/wp-content\/uploads\/voepel_dirk_12.jpg\"><img decoding=\"async\" class=\"size-full\" src=\"http:\/\/meier-gerdingh.de\/wp-spd-ob\/wp-content\/uploads\/voepel_dirk_12.jpg\" alt=\"Dirk V\u00f6pel ist Bezirksb\u00fcrgermeister von Alt-Oberhausen und SPD-Bundestagskandidat\" width=\"140\" height=\"180\" \/><\/a><p class=\"wp-caption-text\">Dirk V\u00f6pel ist Bezirksb\u00fcrgermeister von Alt-Oberhausen und SPD-Bundestagskandidat<\/p><\/div>\n<p>&#8222;Lirich erh\u00e4lt noch f\u00fcr dieses Jahr knapp 2,1 Millionen Euro Landesmittel f\u00fcr die St\u00e4dtebauf\u00f6rderung&#8220;, freut sich Alt-Oberhausens Bezirksb\u00fcrgermeister Dirk V\u00f6pel \u00fcber eine entsprechende Mitteilung von NRW-Bauminister Michael Groschek. &#8222;Neben der wichtigen F\u00f6rderung unserer st\u00e4dtebaulichen Entwicklung vor Ort werden damit auch positive volkswirtschaftliche Effekte f\u00fcr unsere Stadt hervorgerufen. Wissenschaftlich belegt ist, dass 1 \u20ac St\u00e4dtebauf\u00f6rderungsmittel bis zu 8 \u20ac weitere \u00f6ffentliche und private Investitionen ansto\u00dfen. Davon profitieren unsere lokalen Betriebe und ihre Besch\u00e4ftigten&#8220;.<!--more--><\/p>\n<p>&#8222;Mit den Vorhaben &#8218;Wohnpark Bebelstra\u00dfe&#8216;, &#8218;Spielplatz Gustavstra\u00dfe&#8216; und &#8218;Uhlenbruckplatz&#8216; sowie der Erneuerung und Sanierung von H\u00e4userfassaden gibt es mehrere Projekt-Bestandteile, die im Rahmen des Programms &#8218;Soziale Stadt Oberhausen-Lirich&#8216; umgesetzt werden&#8220;, erl\u00e4utert Dirk V\u00f6pel.<\/p>\n<p>SPD-Bundestagskandidat Dirk V\u00f6pel \u00fcbt zugleich massive Kritik an dem schrittweisen R\u00fcckzug des Bundes aus dem Programm Soziale Stadt. &#8222;Die schwarz-gelbe Koalition hat im Bauausschuss des Bundestages eine Weiterentwicklung der Sozialen Stadt schroff abgewiesen&#8220;, \u00e4rgert sich V\u00f6pel. &#8222;Berlin darf nicht so tun, als ob es mit der sozialen Lage in den Kommunen nichts zu tun hat. Wer benachteiligte Stadtteile sich selbst \u00fcberl\u00e4sst, nimmt die Spaltung der Gesellschaft wissentlich in Kauf.&#8220;<\/p>\n<p>Das 1999 von der rot-gr\u00fcnen Koalition gestartete Programm Soziale Stadt sei von Union und FDP drastisch zusammengestrichen worden. &#8222;Insbesondere die wichtigen Projekte f\u00fcr B\u00fcrgerbeteiligung, Arbeit, Bildung und Integration bekommen vom Bund kein Geld mehr&#8220;, stellt Dirk V\u00f6pel fest.<\/p>\n","protected":false},"excerpt":{"rendered":"<p>&#8222;Lirich erh\u00e4lt noch f\u00fcr dieses Jahr knapp 2,1 Millionen Euro Landesmittel f\u00fcr die St\u00e4dtebauf\u00f6rderung&#8220;, freut sich Alt-Oberhausens Bezirksb\u00fcrgermeister Dirk V\u00f6pel \u00fcber eine entsprechende Mitteilung von NRW-Bauminister Michael Groschek. &#8222;Neben der&hellip; <\/p>\n","protected":false},"author":1,"featured_media":0,"comment_status":"closed","ping_status":"closed","sticky":false,"template":"","format":"standard","meta":{"footnotes":""},"categories":[1],"tags":[],"quellen":[],"class_list":["post-1024","post","type-post","status-publish","format-standard","hentry","category-allgemein"],"_links":{"self":[{"href":"https:\/\/meier-gerdingh.de\/wp-spd-ob\/wp-json\/wp\/v2\/posts\/1024","targetHints":{"allow":["GET"]}}],"collection":[{"href":"https:\/\/meier-gerdingh.de\/wp-spd-ob\/wp-json\/wp\/v2\/posts"}],"about":[{"href":"https:\/\/meier-gerdingh.de\/wp-spd-ob\/wp-json\/wp\/v2\/types\/post"}],"author":[{"embeddable":true,"href":"https:\/\/meier-gerdingh.de\/wp-spd-ob\/wp-json\/wp\/v2\/users\/1"}],"replies":[{"embeddable":true,"href":"https:\/\/meier-gerdingh.de\/wp-spd-ob\/wp-json\/wp\/v2\/comments?post=1024"}],"version-history":[{"count":0,"href":"https:\/\/meier-gerdingh.de\/wp-spd-ob\/wp-json\/wp\/v2\/posts\/1024\/revisions"}],"wp:attachment":[{"href":"https:\/\/meier-gerdingh.de\/wp-spd-ob\/wp-json\/wp\/v2\/media?parent=1024"}],"wp:term":[{"taxonomy":"category","embeddable":true,"href":"https:\/\/meier-gerdingh.de\/wp-spd-ob\/wp-json\/wp\/v2\/categories?post=1024"},{"taxonomy":"post_tag","embeddable":true,"href":"https:\/\/meier-gerdingh.de\/wp-spd-ob\/wp-json\/wp\/v2\/tags?post=1024"},{"taxonomy":"quellen","embeddable":true,"href":"https:\/\/meier-gerdingh.de\/wp-spd-ob\/wp-json\/wp\/v2\/quellen?post=1024"}],"curies":[{"name":"wp","href":"https:\/\/api.w.org\/{rel}","templated":true}]}}