{"id":10260,"date":"2023-03-24T16:24:46","date_gmt":"2023-03-24T15:24:46","guid":{"rendered":"https:\/\/meier-gerdingh.de\/wp-spd-ob\/?p=10260"},"modified":"2023-03-25T16:23:47","modified_gmt":"2023-03-25T15:23:47","slug":"smart-haus-in-sterkrade-ist-eroeffnet","status":"publish","type":"post","link":"https:\/\/meier-gerdingh.de\/wp-spd-ob\/2023\/03\/24\/smart-haus-in-sterkrade-ist-eroeffnet\/","title":{"rendered":"Smart-Haus in Sterkrade ist er\u00f6ffnet"},"content":{"rendered":"<div id=\"attachment_10257\" style=\"width: 710px\" class=\"wp-caption aligncenter\"><a href=\"https:\/\/meier-gerdingh.de\/wp-spd-ob\/wp-content\/uploads\/2023\/03\/smart-haus-sterkrade-open-23-03-lg.jpg\"><img aria-describedby=\"caption-attachment-10257\" decoding=\"async\" class=\"size-full wp-image-10257\" src=\"https:\/\/meier-gerdingh.de\/wp-spd-ob\/wp-content\/uploads\/2023\/03\/smart-haus-sterkrade-open-23-03.jpg\" alt=\"\" width=\"700\" height=\"532\" srcset=\"https:\/\/meier-gerdingh.de\/wp-spd-ob\/wp-content\/uploads\/2023\/03\/smart-haus-sterkrade-open-23-03.jpg 700w, https:\/\/meier-gerdingh.de\/wp-spd-ob\/wp-content\/uploads\/2023\/03\/smart-haus-sterkrade-open-23-03-300x228.jpg 300w\" sizes=\"(max-width: 700px) 100vw, 700px\" \/><\/a><p id=\"caption-attachment-10257\" class=\"wp-caption-text\">Der sozialpolitische Sprecher der SPD-Fraktion, Ercan Telli, Stefan Welbers, der Leiter des Seniorenzentrums &#8222;Gute Hoffnung leben&#8220;, und Hans-G\u00fcnter Wrobel, Sprecher der SPD im Seniorenbeirat (von links), sind mit der Er\u00f6ffnung des Smart-Hauses in Sterkrade sichtlich zufrieden. (Foto: privat)<\/p><\/div>\n<p>Oberhausen hat nun ein Smart-Haus, in dem sich Senioren und Menschen mit Behinderungen aus erster Hand \u00fcber technische und digitale Hilfsmittel zur Alltagserleichterung informieren k\u00f6nnen. Am Freitag ist die zentral in Sterkrade gelegene Einrichtung offiziell er\u00f6ffnet worden.<\/p>\n<p>&#8222;Das gro\u00dfe Interesse aus der B\u00fcrgerschaft zeigt uns: Die Entscheidung f\u00fcr das Smart-Haus direkt in der Fu\u00dfg\u00e4ngerzone war genau richtig&#8220;, freut sich Ercan Telli, sozialpolitischer Sprecher der SPD-Fraktion. Die Sozialdemokraten hatten die Idee zu diesem Haus in die Politik eingebracht und immer weiter verfolgt. Durch die Kooperation der Stadt und des Altenpflege-Anbieters &#8222;Gute Hoffnung leben&#8220;, der in den R\u00e4umlichkeiten auch die Angebote seines Quartiersb\u00fcros f\u00fcr Sterkrade-Mitte unterbreiten wird, sind die n\u00e4chsten f\u00fcnf Jahre f\u00fcr das Projekt gesichert.<!--more--><\/p>\n<p>Noch ist es das einzige Angebot dieser Art in Oberhausen. &#8222;Man muss nat\u00fcrlich erst mal abwarten, wie sich die Einrichtung entwickelt, und wie die Resonanz ist&#8220;, erkl\u00e4rt Telli. &#8222;Wenn das Smart-Haus erfolgreich ist, spricht nichts dagegen, \u00fcber vergleichbare Angebote auch in Alt-Oberhausen und Osterfeld nachzudenken.&#8220;<\/p>\n<p>Das Ziel, Seniorinnen und Senioren oder Menschen mit Behinderung so lange und so gut wie m\u00f6glich ein Leben in den eigenen vier W\u00e4nden zu erm\u00f6glichen, gelte schlie\u00dflich f\u00fcr ganz Oberhausen. &#8222;Da werden unsere Politikerinnen und Politiker aus dem Seniorenbeirat und auch die AG 60 Plus der SPD sicherlich nicht lockerlassen&#8220;, verspricht Telli.<\/p>\n","protected":false},"excerpt":{"rendered":"<p>Oberhausen hat nun ein Smart-Haus, in dem sich Senioren und Menschen mit Behinderungen aus erster Hand \u00fcber technische und digitale Hilfsmittel zur Alltagserleichterung informieren k\u00f6nnen. Am Freitag ist die zentral&hellip; <\/p>\n","protected":false},"author":1,"featured_media":0,"comment_status":"closed","ping_status":"closed","sticky":false,"template":"","format":"standard","meta":{"footnotes":""},"categories":[3350,854],"tags":[3445,1592,1486,3446,3059,2450,3058,3430],"quellen":[326],"class_list":["post-10260","post","type-post","status-publish","format-standard","hentry","category-digitalisierung","category-senioren","tag-gute-hoffnung-leben","tag-altenpflege","tag-digitalisierung","tag-menschen-mit-behinderung","tag-quartiersbuero-sterkrade-mitte","tag-quartiersbueros","tag-smart-haus","tag-sterkrade-mitte","quellen-spd-fraktion-oberhausen"],"_links":{"self":[{"href":"https:\/\/meier-gerdingh.de\/wp-spd-ob\/wp-json\/wp\/v2\/posts\/10260","targetHints":{"allow":["GET"]}}],"collection":[{"href":"https:\/\/meier-gerdingh.de\/wp-spd-ob\/wp-json\/wp\/v2\/posts"}],"about":[{"href":"https:\/\/meier-gerdingh.de\/wp-spd-ob\/wp-json\/wp\/v2\/types\/post"}],"author":[{"embeddable":true,"href":"https:\/\/meier-gerdingh.de\/wp-spd-ob\/wp-json\/wp\/v2\/users\/1"}],"replies":[{"embeddable":true,"href":"https:\/\/meier-gerdingh.de\/wp-spd-ob\/wp-json\/wp\/v2\/comments?post=10260"}],"version-history":[{"count":0,"href":"https:\/\/meier-gerdingh.de\/wp-spd-ob\/wp-json\/wp\/v2\/posts\/10260\/revisions"}],"wp:attachment":[{"href":"https:\/\/meier-gerdingh.de\/wp-spd-ob\/wp-json\/wp\/v2\/media?parent=10260"}],"wp:term":[{"taxonomy":"category","embeddable":true,"href":"https:\/\/meier-gerdingh.de\/wp-spd-ob\/wp-json\/wp\/v2\/categories?post=10260"},{"taxonomy":"post_tag","embeddable":true,"href":"https:\/\/meier-gerdingh.de\/wp-spd-ob\/wp-json\/wp\/v2\/tags?post=10260"},{"taxonomy":"quellen","embeddable":true,"href":"https:\/\/meier-gerdingh.de\/wp-spd-ob\/wp-json\/wp\/v2\/quellen?post=10260"}],"curies":[{"name":"wp","href":"https:\/\/api.w.org\/{rel}","templated":true}]}}