{"id":10266,"date":"2023-03-30T13:34:03","date_gmt":"2023-03-30T11:34:03","guid":{"rendered":"https:\/\/meier-gerdingh.de\/wp-spd-ob\/?p=10266"},"modified":"2023-03-30T13:34:03","modified_gmt":"2023-03-30T11:34:03","slug":"dgb-initiative-zum-thema-gewalt-gegen-beschaeftigte-im-dienst-der-gesellschaft-ist-wichtig","status":"publish","type":"post","link":"https:\/\/meier-gerdingh.de\/wp-spd-ob\/2023\/03\/30\/dgb-initiative-zum-thema-gewalt-gegen-beschaeftigte-im-dienst-der-gesellschaft-ist-wichtig\/","title":{"rendered":"DGB-Initiative zum Thema Gewalt gegen Besch\u00e4ftigte im Dienst der Gesellschaft ist wichtig"},"content":{"rendered":"<div id=\"attachment_7690\" style=\"width: 170px\" class=\"wp-caption alignleft\"><a href=\"https:\/\/meier-gerdingh.de\/wp-spd-ob\/wp-content\/uploads\/2020\/11\/bongers-sonja-2020-lg.jpg\"><img aria-describedby=\"caption-attachment-7690\" decoding=\"async\" class=\"size-full wp-image-7690\" src=\"https:\/\/meier-gerdingh.de\/wp-spd-ob\/wp-content\/uploads\/2020\/11\/bongers-sonja-2020.jpg\" alt=\"\" width=\"160\" height=\"200\" \/><\/a><p id=\"caption-attachment-7690\" class=\"wp-caption-text\">Sonja Bongers ist Vorsitzende der SPD-Ratsfraktion und Mitglied des Landtags von Nordrhein-Westfalen<\/p><\/div>\n<p>Die SPD-Landtagsabgeordnete Sonja Bongers unterst\u00fctzt die Initiative des DGB-NRW mit einer Tagesausstellung am Freitag, 31.03. im NRW-Landtag zum Thema &#8222;Vergiss nie, hier arbeitet ein Mensch&#8220; auf die t\u00e4gliche Gewalt gegen Besch\u00e4ftigte im Dienst der Gesellschaft hinzuweisen.<\/p>\n<p>Am 31. M\u00e4rz pr\u00e4sentiert sich der DGB im Landtag NRW zu dem Thema. Hintergrund ist, dass immer mehr Feuerwehrleute, Polizisten, Sanit\u00e4ter oder andere im Dienst der Gesellschaft arbeitenden Menschen immer h\u00e4ufiger Opfer von Beleidigungen und Gewalt werden.<!--more--><\/p>\n<p>Wie der DGB berichtet wurden allein in NRW laut Kriminalstatistik im vergangenen Jahr rund 9.600 Angriffe und Widerstandshandlungen gegen Polizei, Rettungsdienst und Feuerwehr verzeichnet \u2013 ein Zehn-Jahres-Hoch.<\/p>\n<p>Aber auch andere Berufsgruppen seien betroffen: Besch\u00e4ftigte an Schulen, im Fern- und Nahverkehr, bei Job- und Ordnungs\u00e4mtern, bei der Stadtreinigung und in Krankenh\u00e4usern. Sie alle berichteten ebenfalls von einer Zunahme verbaler und k\u00f6rperlicher \u00dcbergriffe.<\/p>\n<p>&#8222;Die Gr\u00fcnde sind vielf\u00e4ltig und offensichtlich. Es fehlen die Leute f\u00fcr die Jobs, immer mehr Aufgaben m\u00fcssen in immer weniger Zeit erledigt werden. Oft sind die Berufe finanziell so unattraktiv, dass es niemand machen will. Daher ist auch die Forderung der Gewerkschaften im Tarifstreit einen guten Abschluss zu erzielen, v\u00f6llig berechtigt und auch Grundlage um wieder Leute f\u00fcr diese Jobs zu begeistern&#8220;, sagte Bongers.<\/p>\n","protected":false},"excerpt":{"rendered":"<p>Die SPD-Landtagsabgeordnete Sonja Bongers unterst\u00fctzt die Initiative des DGB-NRW mit einer Tagesausstellung am Freitag, 31.03. im NRW-Landtag zum Thema &#8222;Vergiss nie, hier arbeitet ein Mensch&#8220; auf die t\u00e4gliche Gewalt gegen&hellip; <\/p>\n","protected":false},"author":1,"featured_media":0,"comment_status":"closed","ping_status":"closed","sticky":false,"template":"","format":"standard","meta":{"footnotes":""},"categories":[174],"tags":[2772,1250,2900,3449,3450,219,3112,3451,2106],"quellen":[1317],"class_list":["post-10266","post","type-post","status-publish","format-standard","hentry","category-arbeit-und-soziales","tag-deutscher-gewerkschaftsbund","tag-dgb","tag-dgb-nrw","tag-gewalt-gegen-beschaeftigte","tag-kriminalstatistik","tag-landtag-nrw","tag-oeffentlicher-dienst","tag-tarfstreit","tag-tarifverhandlungen","quellen-mdl-sonja-bongers"],"_links":{"self":[{"href":"https:\/\/meier-gerdingh.de\/wp-spd-ob\/wp-json\/wp\/v2\/posts\/10266","targetHints":{"allow":["GET"]}}],"collection":[{"href":"https:\/\/meier-gerdingh.de\/wp-spd-ob\/wp-json\/wp\/v2\/posts"}],"about":[{"href":"https:\/\/meier-gerdingh.de\/wp-spd-ob\/wp-json\/wp\/v2\/types\/post"}],"author":[{"embeddable":true,"href":"https:\/\/meier-gerdingh.de\/wp-spd-ob\/wp-json\/wp\/v2\/users\/1"}],"replies":[{"embeddable":true,"href":"https:\/\/meier-gerdingh.de\/wp-spd-ob\/wp-json\/wp\/v2\/comments?post=10266"}],"version-history":[{"count":0,"href":"https:\/\/meier-gerdingh.de\/wp-spd-ob\/wp-json\/wp\/v2\/posts\/10266\/revisions"}],"wp:attachment":[{"href":"https:\/\/meier-gerdingh.de\/wp-spd-ob\/wp-json\/wp\/v2\/media?parent=10266"}],"wp:term":[{"taxonomy":"category","embeddable":true,"href":"https:\/\/meier-gerdingh.de\/wp-spd-ob\/wp-json\/wp\/v2\/categories?post=10266"},{"taxonomy":"post_tag","embeddable":true,"href":"https:\/\/meier-gerdingh.de\/wp-spd-ob\/wp-json\/wp\/v2\/tags?post=10266"},{"taxonomy":"quellen","embeddable":true,"href":"https:\/\/meier-gerdingh.de\/wp-spd-ob\/wp-json\/wp\/v2\/quellen?post=10266"}],"curies":[{"name":"wp","href":"https:\/\/api.w.org\/{rel}","templated":true}]}}