{"id":10268,"date":"2023-03-30T13:41:25","date_gmt":"2023-03-30T11:41:25","guid":{"rendered":"https:\/\/meier-gerdingh.de\/wp-spd-ob\/?p=10268"},"modified":"2024-06-13T14:55:07","modified_gmt":"2024-06-13T12:55:07","slug":"besserer-schutz-vor-gewalttaetigen-wiederholungstaetern","status":"publish","type":"post","link":"https:\/\/meier-gerdingh.de\/wp-spd-ob\/2023\/03\/30\/besserer-schutz-vor-gewalttaetigen-wiederholungstaetern\/","title":{"rendered":"Besserer Schutz vor gewaltt\u00e4tigen Wiederholungst\u00e4tern"},"content":{"rendered":"<p><a href=\"https:\/\/meier-gerdingh.de\/wp-spd-ob\/wp-content\/uploads\/2023\/03\/banner-diese-woche-im-landtag-01.jpg\"><img decoding=\"async\" class=\"aligncenter size-full wp-image-10267\" src=\"https:\/\/meier-gerdingh.de\/wp-spd-ob\/wp-content\/uploads\/2023\/03\/banner-diese-woche-im-landtag-01.jpg\" alt=\"\" width=\"700\" height=\"258\" srcset=\"https:\/\/meier-gerdingh.de\/wp-spd-ob\/wp-content\/uploads\/2023\/03\/banner-diese-woche-im-landtag-01.jpg 700w, https:\/\/meier-gerdingh.de\/wp-spd-ob\/wp-content\/uploads\/2023\/03\/banner-diese-woche-im-landtag-01-300x111.jpg 300w\" sizes=\"(max-width: 700px) 100vw, 700px\" \/><\/a>Um zu verhindern, dass gewaltt\u00e4tige Gefangene r\u00fcckf\u00e4llig werden, ben\u00f6tigt Nordrhein-Westfalen ein Resozialisierungsgesetz. In diesem Resozialisierungsgesetz muss ein \u00dcbergangsmanagement f\u00fcr Gefangene gesetzlich verankert werden, das den reibungslosen \u00dcbergang von der Justizvollzugsanstalt in die Freiheit sicherstellt. F\u00fcr Untersuchungsgefangene erm\u00f6glicht ein Fallmanager, dass dem Beschuldigten w\u00e4hrend der Untersuchungshaft die Wohnung sowie der Arbeitsplatz erhalten bleiben. Dar\u00fcber hinaus sind in diesem Gesetz spezielle Resozialisierungsma\u00dfnahmen f\u00fcr straff\u00e4llig gewordene, psychisch erkrankte Kriegsfl\u00fcchtlinge festzuschreiben, um k\u00fcnftige Gewalttaten durch diese T\u00e4tergruppe zu verhindern. Dazu erkl\u00e4rt die SPD-Landtagsabgeordnete Sonja Bongers:<\/p>\n<p>In unserer Gesellschaft sind wir ja alle als Menschen unterwegs und als solche auch verletzlich. Da sind auf der einen Seite die Menschen, die durch die Gewalttaten anderer gesch\u00e4digt wurden. Menschen, die wir besser sch\u00fctzen m\u00fcssen, damit sie nicht erneut Leid erleben. Auf der anderen sind da die Menschen, die straff\u00e4llig werden oder bereits geworden sind. Auch hier gilt es einen humanen, wenn auch gerechten Blick zu behalten. Bis es zur ersten Straftat kommt, haben diese Menschen oft schwierige biographische Erfahrungen gemacht.<!--more--><\/p>\n<p>Viele Gefangene sind auf Grund von psychischen Erkrankungen und als Folge von traumatischen Erlebnissen gewaltt\u00e4tig geworden. Ganz besonders schwerwiegend sind Traumata, die im Kriegsgeschehen oder auf der Flucht passiert sind. Menschen mit Kriegs- und Fluchterfahrungen haben nachweislich ein h\u00f6heres Risiko, an psychischen Erkrankungen zu leiden. Das entschuldigt die Tat nicht, aber es erkl\u00e4rt sie vielleicht etwas.<\/p>\n<p>Angemessene psychologische Begleitung hilft den Gefangenen, ihre psychische Verfasstheit zu reflektieren. Zum Beispiel k\u00f6nnen sie mit Hilfe von professioneller Verhaltenstherapie Mechanismen erlernen, mit Wut und Aggressionen besser umzugehen. In dem Sinne verhindert psychologische Betreuung auch, dass unschuldige Menschen erneut zu Opfern werden. Psychologische Begleitung von T\u00e4tern sch\u00fctzt potenzielle Opfer!<\/p>\n<p>Aber nicht nur Psychotherapie ist wichtig. Dar\u00fcber hinaus muss zusammen mit dem Gefangenen schon in der Zeit vor der Entlassung der \u00dcbergang in ein geregeltes Leben organisiert werden. Dazu geh\u00f6rt die Beschaffung einer Wohnung und eines Arbeitsplatzes, dort wo dieses nicht vorhanden oder durch die Haft verloren gegangen ist. Wenn das Leben nach der Haft geregelt ist, erh\u00f6hen sich die Chancen, dass die jeweilige Person nicht erneut wieder straff\u00e4llig wird.<\/p>\n<p>Auf der operationalen Ebene w\u00fcrde dabei die verstetigte Schaffung einer Fachstelle f\u00fcr \u00dcbergangsmanagement helfen: Durch diese Stelle kann jedem Gefangenen ein Anspruch auf Unterst\u00fctzung zugestanden werden. Auch ein fl\u00e4chendeckendes \u00dcbergangsmanagement von Inhaftierten sch\u00fctzt potenzielle Opfer!<\/p>\n<p>Und nicht zuletzt: nicht nur bewiesene T\u00e4ter haben mit unserem Justizsystem zu tun. Bevor ein Gerichtsverfahren die Schuld eines Menschen beweist, sitzen manche Angeklagte erstmal in Untersuchungshaft. W\u00e4hrend der U-Haft hei\u00dft es im Zweifelsfall f\u00fcr den Angeklagten: Deshalb m\u00fcssen Wohnung und Arbeitsplatz w\u00e4hrend der Untersuchungshaft erhalten bleiben. Es kann nicht sein, dass unschuldig angeklagte Menschen in der Zeit der U-Haft ihre ganze Existenz verlieren. Auch hierbei braucht es fachliche Begleitung, die durch die Fachstelle gew\u00e4hrleistet werden kann.<\/p>\n","protected":false},"excerpt":{"rendered":"<p>Um zu verhindern, dass gewaltt\u00e4tige Gefangene r\u00fcckf\u00e4llig werden, ben\u00f6tigt Nordrhein-Westfalen ein Resozialisierungsgesetz. In diesem Resozialisierungsgesetz muss ein \u00dcbergangsmanagement f\u00fcr Gefangene gesetzlich verankert werden, das den reibungslosen \u00dcbergang von der Justizvollzugsanstalt&hellip; <\/p>\n","protected":false},"author":1,"featured_media":0,"comment_status":"closed","ping_status":"closed","sticky":false,"template":"","format":"standard","meta":{"footnotes":""},"categories":[4120,216,7],"tags":[3170,3452,1771,1761,3453,3454,3455,3456,3460,3457,3458,3459],"quellen":[1317],"class_list":["post-10268","post","type-post","status-publish","format-standard","hentry","category-die-woche-im-landtag","category-land","category-sicherheit","tag-gewaltopfer","tag-justizsystem","tag-justizvollzug","tag-justizvollzugsanstalten","tag-opfer","tag-resozialisierung","tag-strafrecht","tag-taeter","tag-u-haft","tag-uebergangsmanagement","tag-untersuchungshaft","tag-wiederholungstaeter","quellen-mdl-sonja-bongers"],"_links":{"self":[{"href":"https:\/\/meier-gerdingh.de\/wp-spd-ob\/wp-json\/wp\/v2\/posts\/10268","targetHints":{"allow":["GET"]}}],"collection":[{"href":"https:\/\/meier-gerdingh.de\/wp-spd-ob\/wp-json\/wp\/v2\/posts"}],"about":[{"href":"https:\/\/meier-gerdingh.de\/wp-spd-ob\/wp-json\/wp\/v2\/types\/post"}],"author":[{"embeddable":true,"href":"https:\/\/meier-gerdingh.de\/wp-spd-ob\/wp-json\/wp\/v2\/users\/1"}],"replies":[{"embeddable":true,"href":"https:\/\/meier-gerdingh.de\/wp-spd-ob\/wp-json\/wp\/v2\/comments?post=10268"}],"version-history":[{"count":0,"href":"https:\/\/meier-gerdingh.de\/wp-spd-ob\/wp-json\/wp\/v2\/posts\/10268\/revisions"}],"wp:attachment":[{"href":"https:\/\/meier-gerdingh.de\/wp-spd-ob\/wp-json\/wp\/v2\/media?parent=10268"}],"wp:term":[{"taxonomy":"category","embeddable":true,"href":"https:\/\/meier-gerdingh.de\/wp-spd-ob\/wp-json\/wp\/v2\/categories?post=10268"},{"taxonomy":"post_tag","embeddable":true,"href":"https:\/\/meier-gerdingh.de\/wp-spd-ob\/wp-json\/wp\/v2\/tags?post=10268"},{"taxonomy":"quellen","embeddable":true,"href":"https:\/\/meier-gerdingh.de\/wp-spd-ob\/wp-json\/wp\/v2\/quellen?post=10268"}],"curies":[{"name":"wp","href":"https:\/\/api.w.org\/{rel}","templated":true}]}}