{"id":10269,"date":"2023-03-30T17:28:07","date_gmt":"2023-03-30T15:28:07","guid":{"rendered":"https:\/\/meier-gerdingh.de\/wp-spd-ob\/?p=10269"},"modified":"2023-03-30T17:28:07","modified_gmt":"2023-03-30T15:28:07","slug":"erfolgreicher-start-fuer-sozialkonferenz","status":"publish","type":"post","link":"https:\/\/meier-gerdingh.de\/wp-spd-ob\/2023\/03\/30\/erfolgreicher-start-fuer-sozialkonferenz\/","title":{"rendered":"Erfolgreicher Start f\u00fcr Sozialkonferenz"},"content":{"rendered":"<div id=\"attachment_10270\" style=\"width: 710px\" class=\"wp-caption aligncenter\"><a href=\"https:\/\/meier-gerdingh.de\/wp-spd-ob\/wp-content\/uploads\/2023\/03\/erste-oberhausener-sozialkonferenz-23-03-lg.jpg\"><img aria-describedby=\"caption-attachment-10270\" decoding=\"async\" class=\"size-full wp-image-10270\" src=\"https:\/\/meier-gerdingh.de\/wp-spd-ob\/wp-content\/uploads\/2023\/03\/erste-oberhausener-sozialkonferenz-23-03.jpg\" alt=\"\" width=\"700\" height=\"364\" srcset=\"https:\/\/meier-gerdingh.de\/wp-spd-ob\/wp-content\/uploads\/2023\/03\/erste-oberhausener-sozialkonferenz-23-03.jpg 700w, https:\/\/meier-gerdingh.de\/wp-spd-ob\/wp-content\/uploads\/2023\/03\/erste-oberhausener-sozialkonferenz-23-03-300x156.jpg 300w\" sizes=\"(max-width: 700px) 100vw, 700px\" \/><\/a><p id=\"caption-attachment-10270\" class=\"wp-caption-text\">Der SPD-Stadtverordnete Dr. J\u00f6rg Schr\u00f6er, die Fraktionsvorsitzende Sonja Bongers, der sozialpolitische Sprecher der SPD, Ercan Telli, und der f\u00fcr Soziales zust\u00e4ndige Beigeordnete Frank Motschull (v.l.) am Rande der Tagung<\/p><\/div>\n<p>Oberhausens erste Sozialkonferenz ist nun mit mehr als 60 teilnehmenden Fachleuten aus Politik, Verwaltung und Stadtgesellschaft \u00fcber die B\u00fchne gegangen. Ziel dieser Konferenz war und ist eine Bestandsaufnahme der aktuellen Situation und die strategische Ausrichtung kommunaler Sozialpolitik.<\/p>\n<p>Die Auftaktveranstaltung stand unter dem Motto &#8222;Alleinerziehend, aber nicht allein&#8220;. Neben Fachvortr\u00e4gen und Workshops stand noch eine Podiumsdiskussion auf dem Programm. Die Sozialkonferenz geht zur\u00fcck auf einen Antrag der SPD im Rat aus dem Jahr 2019.<!--more--><\/p>\n<p>&#8222;Es war uns wichtig, mit allen Vertreterinnen und Vertretern der pluralen Tr\u00e4gerstruktur in Oberhausen ins Gespr\u00e4ch zu kommen&#8220;, erkl\u00e4rt Ercan Telli, sozialpolitischer Sprecher der SPD. Wegen zunehmend knapperen Ressourcen sei es wichtig, sich rechtzeitig \u00fcber Strategien und Vorgehensweisen zu verst\u00e4ndigen.<\/p>\n<p>Die erste Sozialkonferenz hat sich den Alleinerziehenden gewidmet, da diese unter anderem durchschnittlich \u00fcber deutlich weniger Einkommen verf\u00fcgen und \u00fcber weniger Zeit f\u00fcr die Tagesgestaltung.<\/p>\n<p>&#8222;Die Probleme sind bekannt, nun m\u00fcssen L\u00f6sungswege aufgezeigt werden&#8220;, erkl\u00e4rt die Fraktions- und Sozialausschuss-Vorsitzende Sonja Bongers: &#8222;Wir m\u00fcssen Leben in das Motto der Veranstaltung bringen und den Alleinerziehenden in unserer Stadt verdeutlichen: Wir lassen euch nicht allein.&#8220;<\/p>\n","protected":false},"excerpt":{"rendered":"<p>Oberhausens erste Sozialkonferenz ist nun mit mehr als 60 teilnehmenden Fachleuten aus Politik, Verwaltung und Stadtgesellschaft \u00fcber die B\u00fchne gegangen. Ziel dieser Konferenz war und ist eine Bestandsaufnahme der aktuellen&hellip; <\/p>\n","protected":false},"author":1,"featured_media":0,"comment_status":"closed","ping_status":"closed","sticky":false,"template":"","format":"standard","meta":{"footnotes":""},"categories":[174],"tags":[1024,1552,2092,1280],"quellen":[326],"class_list":["post-10269","post","type-post","status-publish","format-standard","hentry","category-arbeit-und-soziales","tag-alleinerziehende","tag-kommunale-sozialpolitik","tag-sozialkonferenz","tag-sozialpolitik","quellen-spd-fraktion-oberhausen"],"_links":{"self":[{"href":"https:\/\/meier-gerdingh.de\/wp-spd-ob\/wp-json\/wp\/v2\/posts\/10269","targetHints":{"allow":["GET"]}}],"collection":[{"href":"https:\/\/meier-gerdingh.de\/wp-spd-ob\/wp-json\/wp\/v2\/posts"}],"about":[{"href":"https:\/\/meier-gerdingh.de\/wp-spd-ob\/wp-json\/wp\/v2\/types\/post"}],"author":[{"embeddable":true,"href":"https:\/\/meier-gerdingh.de\/wp-spd-ob\/wp-json\/wp\/v2\/users\/1"}],"replies":[{"embeddable":true,"href":"https:\/\/meier-gerdingh.de\/wp-spd-ob\/wp-json\/wp\/v2\/comments?post=10269"}],"version-history":[{"count":0,"href":"https:\/\/meier-gerdingh.de\/wp-spd-ob\/wp-json\/wp\/v2\/posts\/10269\/revisions"}],"wp:attachment":[{"href":"https:\/\/meier-gerdingh.de\/wp-spd-ob\/wp-json\/wp\/v2\/media?parent=10269"}],"wp:term":[{"taxonomy":"category","embeddable":true,"href":"https:\/\/meier-gerdingh.de\/wp-spd-ob\/wp-json\/wp\/v2\/categories?post=10269"},{"taxonomy":"post_tag","embeddable":true,"href":"https:\/\/meier-gerdingh.de\/wp-spd-ob\/wp-json\/wp\/v2\/tags?post=10269"},{"taxonomy":"quellen","embeddable":true,"href":"https:\/\/meier-gerdingh.de\/wp-spd-ob\/wp-json\/wp\/v2\/quellen?post=10269"}],"curies":[{"name":"wp","href":"https:\/\/api.w.org\/{rel}","templated":true}]}}