{"id":10276,"date":"2023-03-29T12:48:13","date_gmt":"2023-03-29T10:48:13","guid":{"rendered":"https:\/\/meier-gerdingh.de\/wp-spd-ob\/?p=10276"},"modified":"2024-06-13T14:55:29","modified_gmt":"2024-06-13T12:55:29","slug":"uebergang-von-der-schule-zur-hochschule-muss-besser-organisiert-werden","status":"publish","type":"post","link":"https:\/\/meier-gerdingh.de\/wp-spd-ob\/2023\/03\/29\/uebergang-von-der-schule-zur-hochschule-muss-besser-organisiert-werden\/","title":{"rendered":"\u00dcbergang von der Schule zur Hochschule muss besser organisiert werden"},"content":{"rendered":"<p><a href=\"https:\/\/meier-gerdingh.de\/wp-spd-ob\/wp-content\/uploads\/2023\/03\/banner-diese-woche-im-landtag-01.jpg\"><img decoding=\"async\" class=\"aligncenter size-full wp-image-10267\" src=\"https:\/\/meier-gerdingh.de\/wp-spd-ob\/wp-content\/uploads\/2023\/03\/banner-diese-woche-im-landtag-01.jpg\" alt=\"\" width=\"700\" height=\"258\" srcset=\"https:\/\/meier-gerdingh.de\/wp-spd-ob\/wp-content\/uploads\/2023\/03\/banner-diese-woche-im-landtag-01.jpg 700w, https:\/\/meier-gerdingh.de\/wp-spd-ob\/wp-content\/uploads\/2023\/03\/banner-diese-woche-im-landtag-01-300x111.jpg 300w\" sizes=\"(max-width: 700px) 100vw, 700px\" \/><\/a>Jedes Jahr verlassen zahlreiche Sch\u00fclerinnen und Sch\u00fcler mit ihrer Hochschulreife die Schule und viele von ihnen bekommen dann Probleme im Studium. Dabei w\u00e4re es relativ einfach hier entgegenzusteuern, so die SPD-Landtagsabgeordnete Sonja Bongers.<\/p>\n<p>&#8222;Wir m\u00fcssen nur die vorhandenen Strukturen wie Tutorien, Vorkurse, Beratung und Mentoring ausbauen und deren Finanzierung sichern. Nur so k\u00f6nnen wir die Studienabbruchquote senken und damit auch die damit verbundenen Kosten. Jeder Abbrecher kostet Geld, ganz schweigen vom pers\u00f6nlichen Dilemma des Scheiterns&#8220;, sagt die SPD-Rechtsexpertin.<!--more--><\/p>\n<h3 class=\"spd-ob-crossheading\">Didaktik an Hochschulen verbessern<\/h3>\n<p>Zudem sollten Konzepte zur Verbesserung der Didaktik in den Hochschulen erarbeitet werden, die st\u00e4rker an den Bed\u00fcrfnissen der Studierenden ausgerichtet sind. Die zentralen Studienberatungen der Hochschulen sollten auch vermehrt an Schulen mit Informationsveranstaltungen pr\u00e4sent sein. So k\u00f6nne man flankiert von kontinuierlichem Monitoring und breiter Evaluation differenzierte Erkenntnisse \u00fcber die Gr\u00fcnde f\u00fcr Studienverzug, Studienzweifel und -abbr\u00fcche erfahren und Ma\u00dfnahmen darauf basierend bedarfsad\u00e4quat weiterzuentwickeln.<\/p>\n<h3 class=\"spd-ob-crossheading\">Schulen entlasten<\/h3>\n<p>Bongers r\u00e4t dazu hier umfassend entgegenzusteuern, um so allen Studierenden einen erfolgreichen Studienstart zu erm\u00f6glichen und damit einen Beitrag f\u00fcr mehr Chancengleichheit zu leisten. &#8222;Aus diesem Grund m\u00fcssen die H\u00fcrden beim \u00dcbergang an die Hochschule identifiziert und abgebaut werden. Mitunter herrscht an den Hochschulen der Eindruck, dass angehende Studierende nicht optimal auf ein Studium vorbereitet sind.<\/p>\n<p>Dies betrifft etwa die Anforderungen sich grunds\u00e4tzlich an einer Hochschule zurechtfinden zu k\u00f6nnen, die F\u00e4higkeit eigenverantwortlichen Lernens aber auch das Fehlen bestimmter Kompetenzen, etwa in Grundlagen der Mathematik, die an einer Hochschule vorausgesetzt werden. Aber auch andere F\u00e4cher sind betroffen&#8220;, so Bongers weiter.<\/p>\n<p>Eine wesentliche Ursache f\u00fcr diese Probleme liegen nach Ansicht der SPD-Politikerin im Schulsystem.<\/p>\n<p>Eklatanter Lehrkr\u00e4ftemangel und \u00fcberfrachtete Lehrpl\u00e4ne f\u00fchrten dazu, dass f\u00fcr ein Studium wesentliche Lerninhalte nicht vermittelt w\u00fcrden. Gleichzeitig fehlten in den Schulen Lern- und Pr\u00fcfungsformate, die nicht nur auf eine reine Wissensabfrage, sondern vor allem auf die F\u00f6rderung und den Erwerb wichtiger Kompetenzen wie selbstst\u00e4ndiges Lernen und Selbstorganisation setzten, die im Studium ben\u00f6tigt w\u00fcrden. Dies f\u00fchre letztlich dazu, dass die Bildungskatastrophe an den Schulen unmittelbar auf die Hochschulen \u00fcbergreife, sagte Bongers abschlie\u00dfend.<\/p>\n","protected":false},"excerpt":{"rendered":"<p>Jedes Jahr verlassen zahlreiche Sch\u00fclerinnen und Sch\u00fcler mit ihrer Hochschulreife die Schule und viele von ihnen bekommen dann Probleme im Studium. Dabei w\u00e4re es relativ einfach hier entgegenzusteuern, so die&hellip; <\/p>\n","protected":false},"author":1,"featured_media":0,"comment_status":"closed","ping_status":"closed","sticky":false,"template":"","format":"standard","meta":{"footnotes":""},"categories":[231,4120],"tags":[1519,2310,3467,244,2052,2990,1893,3468],"quellen":[1317],"class_list":["post-10276","post","type-post","status-publish","format-standard","hentry","category-bildung","category-die-woche-im-landtag","tag-abitur","tag-allgemeine-hochschulreife","tag-bildungskatastrophe","tag-chancengleichheit","tag-hochschulen","tag-lehrkraeftemangel","tag-studium","tag-uebergang-schule-hochschule","quellen-mdl-sonja-bongers"],"_links":{"self":[{"href":"https:\/\/meier-gerdingh.de\/wp-spd-ob\/wp-json\/wp\/v2\/posts\/10276","targetHints":{"allow":["GET"]}}],"collection":[{"href":"https:\/\/meier-gerdingh.de\/wp-spd-ob\/wp-json\/wp\/v2\/posts"}],"about":[{"href":"https:\/\/meier-gerdingh.de\/wp-spd-ob\/wp-json\/wp\/v2\/types\/post"}],"author":[{"embeddable":true,"href":"https:\/\/meier-gerdingh.de\/wp-spd-ob\/wp-json\/wp\/v2\/users\/1"}],"replies":[{"embeddable":true,"href":"https:\/\/meier-gerdingh.de\/wp-spd-ob\/wp-json\/wp\/v2\/comments?post=10276"}],"version-history":[{"count":0,"href":"https:\/\/meier-gerdingh.de\/wp-spd-ob\/wp-json\/wp\/v2\/posts\/10276\/revisions"}],"wp:attachment":[{"href":"https:\/\/meier-gerdingh.de\/wp-spd-ob\/wp-json\/wp\/v2\/media?parent=10276"}],"wp:term":[{"taxonomy":"category","embeddable":true,"href":"https:\/\/meier-gerdingh.de\/wp-spd-ob\/wp-json\/wp\/v2\/categories?post=10276"},{"taxonomy":"post_tag","embeddable":true,"href":"https:\/\/meier-gerdingh.de\/wp-spd-ob\/wp-json\/wp\/v2\/tags?post=10276"},{"taxonomy":"quellen","embeddable":true,"href":"https:\/\/meier-gerdingh.de\/wp-spd-ob\/wp-json\/wp\/v2\/quellen?post=10276"}],"curies":[{"name":"wp","href":"https:\/\/api.w.org\/{rel}","templated":true}]}}