{"id":10324,"date":"2023-04-17T19:35:13","date_gmt":"2023-04-17T17:35:13","guid":{"rendered":"https:\/\/meier-gerdingh.de\/wp-spd-ob\/?p=10324"},"modified":"2023-04-18T12:39:10","modified_gmt":"2023-04-18T10:39:10","slug":"einladung-zum-buergergespraech-und-kneipenplausch","status":"publish","type":"post","link":"https:\/\/meier-gerdingh.de\/wp-spd-ob\/2023\/04\/17\/einladung-zum-buergergespraech-und-kneipenplausch\/","title":{"rendered":"Einladung zum B\u00fcrgergespr\u00e4ch und Kneipenplausch"},"content":{"rendered":"<p><a href=\"https:\/\/meier-gerdingh.de\/wp-spd-ob\/wp-content\/uploads\/2023\/04\/banner-ov-mitte-lg.jpg\"><img decoding=\"async\" class=\"aligncenter size-full wp-image-10322\" src=\"https:\/\/meier-gerdingh.de\/wp-spd-ob\/wp-content\/uploads\/2023\/04\/banner-ov-mitte.jpg\" alt=\"\" width=\"700\" height=\"219\" srcset=\"https:\/\/meier-gerdingh.de\/wp-spd-ob\/wp-content\/uploads\/2023\/04\/banner-ov-mitte.jpg 700w, https:\/\/meier-gerdingh.de\/wp-spd-ob\/wp-content\/uploads\/2023\/04\/banner-ov-mitte-300x94.jpg 300w\" sizes=\"(max-width: 700px) 100vw, 700px\" \/><\/a>Der SPD-Ortsverein Oberhausen-Mitte m\u00f6chte mit den Menschen ins Gespr\u00e4ch kommen: Wo dr\u00fcckt vor der eigenen Haust\u00fcr der Schuh? Was muss sich \u00e4ndern in der Innenstadt oder in Styrum? Und welche Ideen haben die Sozialdemokraten f\u00fcr unsere Stadt? Diese und \u00e4hnliche Fragen k\u00f6nnen die B\u00fcrgerinnen und B\u00fcrger in ganz zwangloser Atmosph\u00e4re am <strong>Dienstag, 25. April<\/strong>, loswerden. Dann l\u00e4dt die SPD in Mitte <strong>ab 19 Uhr<\/strong> ein zum <strong>Kneipenplausch<\/strong> in die <strong>Gastst\u00e4tte &#8222;Bauernstube&#8220;, Lothringer Stra\u00dfe 162<\/strong>.<\/p>\n<p>Neben dem Ortsvereinsvorsitzenden Christoph Knepper werden unter anderem aus dem Rat der kulturpolitische Sprecher der SPD-Fraktion <a href=\"https:\/\/meier-gerdingh.de\/wp-spd-ob\/fraktion\/mitglieder\/axel-scherer\/\">Axel J. Scherer<\/a> aus Stadtmitte und die gleichstellungspolitische Sprecherin der SPD-Ratsfraktion <a href=\"https:\/\/meier-gerdingh.de\/wp-spd-ob\/fraktion\/mitglieder\/claudia-salwik\/\">Claudia Salwik<\/a> aus Styrum dabei sein. Aus der Bezirksvertretung Alt-Oberhausen steht Maren Krau\u00dfe Rede und Antwort.<!--more--><\/p>\n<p>Eine Anmeldung ist nicht n\u00f6tig, wer Lust hat, schaut einfach vorbei, die Mitglieder des Ortsvereins freuen sich auf zahlreiche G\u00e4ste und gute Gespr\u00e4che.<\/p>\n<div class='ajde_evcal_calendar eventon_single_event eventon_event evo_sin_box sev cev color esty_2' ><div class='evo-data'   data-ux_val='1' data-exturl='' data-mapscroll='true' data-mapformat='roadmap' data-mapzoom='16' ><\/div><div class='evo_cal_data' data-sc='{\"excerpt\":\"no\",\"expanded\":\"no\",\"ux_val\":1,\"exturl\":\"\",\"mapscroll\":\"true\",\"mapformat\":\"roadmap\",\"mapzoom\":\"16\",\"maps_load\":\"yes\"}'><\/div><div id='evcal_list' class='eventon_events_list '>Missing Event Data<\/div><\/div>\n","protected":false},"excerpt":{"rendered":"<p>Der SPD-Ortsverein Oberhausen-Mitte m\u00f6chte mit den Menschen ins Gespr\u00e4ch kommen: Wo dr\u00fcckt vor der eigenen Haust\u00fcr der Schuh? Was muss sich \u00e4ndern in der Innenstadt oder in Styrum? Und welche&hellip; <\/p>\n","protected":false},"author":1,"featured_media":0,"comment_status":"closed","ping_status":"closed","sticky":false,"template":"","format":"standard","meta":{"footnotes":""},"categories":[167,171],"tags":[3473,359,3491,424],"quellen":[333],"class_list":["post-10324","post","type-post","status-publish","format-standard","hentry","category-stadtteile","category-veranstaltungen","tag-buergergespraeche","tag-innenstadt-alt-oberhausen","tag-kneipenplausch","tag-styrum","quellen-ov-mitte"],"_links":{"self":[{"href":"https:\/\/meier-gerdingh.de\/wp-spd-ob\/wp-json\/wp\/v2\/posts\/10324","targetHints":{"allow":["GET"]}}],"collection":[{"href":"https:\/\/meier-gerdingh.de\/wp-spd-ob\/wp-json\/wp\/v2\/posts"}],"about":[{"href":"https:\/\/meier-gerdingh.de\/wp-spd-ob\/wp-json\/wp\/v2\/types\/post"}],"author":[{"embeddable":true,"href":"https:\/\/meier-gerdingh.de\/wp-spd-ob\/wp-json\/wp\/v2\/users\/1"}],"replies":[{"embeddable":true,"href":"https:\/\/meier-gerdingh.de\/wp-spd-ob\/wp-json\/wp\/v2\/comments?post=10324"}],"version-history":[{"count":0,"href":"https:\/\/meier-gerdingh.de\/wp-spd-ob\/wp-json\/wp\/v2\/posts\/10324\/revisions"}],"wp:attachment":[{"href":"https:\/\/meier-gerdingh.de\/wp-spd-ob\/wp-json\/wp\/v2\/media?parent=10324"}],"wp:term":[{"taxonomy":"category","embeddable":true,"href":"https:\/\/meier-gerdingh.de\/wp-spd-ob\/wp-json\/wp\/v2\/categories?post=10324"},{"taxonomy":"post_tag","embeddable":true,"href":"https:\/\/meier-gerdingh.de\/wp-spd-ob\/wp-json\/wp\/v2\/tags?post=10324"},{"taxonomy":"quellen","embeddable":true,"href":"https:\/\/meier-gerdingh.de\/wp-spd-ob\/wp-json\/wp\/v2\/quellen?post=10324"}],"curies":[{"name":"wp","href":"https:\/\/api.w.org\/{rel}","templated":true}]}}