{"id":1033,"date":"2013-02-19T17:00:00","date_gmt":"2013-02-19T15:00:00","guid":{"rendered":"http:\/\/www.meier-gerdingh.de\/spd-oberhausen\/wp\/?p=1033"},"modified":"2013-02-19T17:00:00","modified_gmt":"2013-02-19T15:00:00","slug":"verhandlung-ueber-haushalt-2011","status":"publish","type":"post","link":"https:\/\/meier-gerdingh.de\/wp-spd-ob\/2013\/02\/19\/verhandlung-ueber-haushalt-2011\/","title":{"rendered":"Verhandlung \u00fcber Haushalt 2011"},"content":{"rendered":"<p><div style=\"width: 150px\" class=\"wp-caption alignleft\"><a href=\"http:\/\/meier-gerdingh.de\/wp-spd-ob\/wp-content\/uploads\/zimkeit_stefan_12.jpg\"><img decoding=\"async\" src=\"http:\/\/meier-gerdingh.de\/wp-spd-ob\/wp-content\/uploads\/zimkeit_stefan_12.jpg\"  width=\"140\" height=\"169\" alt=\"Stefan Zimkeit ist Mitglied des Landtags f\u00fcr Sterkrade und Dinslaken\" class=\"size-full\" \/><\/a><p class=\"wp-caption-text\">Stefan Zimkeit ist Mitglied des Landtags f\u00fcr Sterkrade und Dinslaken<\/p><\/div>&#8222;Der Landeshaushalt ist immer das Ergebnis eines aufw\u00e4ndigen Abw\u00e4gungsprozesses&#8220;, sagte Stefan Zimkeit am Rande einer Sitzung des NRW-Verfassungsgerichts. Der Oberhausener Abgeordnete hatte als Vertreter der SPD-Landtagsfraktion an der m\u00fcndlichen Gerichtsverhandlung teilgenommen, in der die Klage der CDU-Fraktion gegen den Haushalt 2011 beraten wurde. &#8222;Es geht darum, ob die Einsch\u00e4tzung eines gest\u00f6rten wirtschaftlichen Gleichgewichts damals vor dem Hintergrund weltweiter Ereignisse wie der Katastrophe von Fukushima mit der notwendigen Sorgfalt bedacht wurde. Das Gericht muss nun vor allem pr\u00fcfen, ob dieser von Landesregierung und Parlament vorgenommene Abw\u00e4gungsprozess hinreichend war&#8220;, beschrieb Zimkeit den Kern der gerichtlichen Verhandlung, deren Urteil am 12. M\u00e4rz erwartet wird.<!--more--><\/p>\n<p>Einsparungen in H\u00f6he von weiteren 900 Millionen Euro, wie von der CDU gefordert, h\u00e4tten negative Folgen f\u00fcr das Wirtschaftswachstum unseres Landes gehabt, sagte Zimkeit. &#8222;Allerdings ist es \u00e4u\u00dferst schwierig, den Umfang dieser Auswirkungen abzusch\u00e4tzen. Inzwischen wird auch von der CDU zugestanden, dass Investitionen in Bildung und fr\u00fchkindliche F\u00f6rderung langfristig der wirtschaftlichen Entwicklung zu gute kommen&#8220;, hat Stefan Zimkeit in M\u00fcnster beobachtet. &#8222;Eine zukunftsf\u00e4hige Politik muss darauf achten, dass aus den Einsparungen von heute nicht dich Schulden von morgen werden.&#8220;<\/p>\n<p>Gleichzeitig m\u00fcsse daf\u00fcr gesorgt werden, die Einnahmen der \u00f6ffentlichen Hand zu erh\u00f6hen. &#8222;Wir brauchen endlich eine Besteuerung von gro\u00dfen Verm\u00f6gen und B\u00f6rsenspekulationen&#8220;, forderte Zimkeit die NRW-CDU auf, sich daf\u00fcr auf Bundesebene einzusetzen.<\/p>\n","protected":false},"excerpt":{"rendered":"<p>&#8222;Der Landeshaushalt ist immer das Ergebnis eines aufw\u00e4ndigen Abw\u00e4gungsprozesses&#8220;, sagte Stefan Zimkeit am Rande einer Sitzung des NRW-Verfassungsgerichts. Der Oberhausener Abgeordnete hatte als Vertreter der SPD-Landtagsfraktion an der m\u00fcndlichen Gerichtsverhandlung&hellip; <\/p>\n","protected":false},"author":1,"featured_media":0,"comment_status":"closed","ping_status":"closed","sticky":false,"template":"","format":"standard","meta":{"footnotes":""},"categories":[],"tags":[],"quellen":[],"class_list":["post-1033","post","type-post","status-publish","format-standard","hentry"],"_links":{"self":[{"href":"https:\/\/meier-gerdingh.de\/wp-spd-ob\/wp-json\/wp\/v2\/posts\/1033","targetHints":{"allow":["GET"]}}],"collection":[{"href":"https:\/\/meier-gerdingh.de\/wp-spd-ob\/wp-json\/wp\/v2\/posts"}],"about":[{"href":"https:\/\/meier-gerdingh.de\/wp-spd-ob\/wp-json\/wp\/v2\/types\/post"}],"author":[{"embeddable":true,"href":"https:\/\/meier-gerdingh.de\/wp-spd-ob\/wp-json\/wp\/v2\/users\/1"}],"replies":[{"embeddable":true,"href":"https:\/\/meier-gerdingh.de\/wp-spd-ob\/wp-json\/wp\/v2\/comments?post=1033"}],"version-history":[{"count":0,"href":"https:\/\/meier-gerdingh.de\/wp-spd-ob\/wp-json\/wp\/v2\/posts\/1033\/revisions"}],"wp:attachment":[{"href":"https:\/\/meier-gerdingh.de\/wp-spd-ob\/wp-json\/wp\/v2\/media?parent=1033"}],"wp:term":[{"taxonomy":"category","embeddable":true,"href":"https:\/\/meier-gerdingh.de\/wp-spd-ob\/wp-json\/wp\/v2\/categories?post=1033"},{"taxonomy":"post_tag","embeddable":true,"href":"https:\/\/meier-gerdingh.de\/wp-spd-ob\/wp-json\/wp\/v2\/tags?post=1033"},{"taxonomy":"quellen","embeddable":true,"href":"https:\/\/meier-gerdingh.de\/wp-spd-ob\/wp-json\/wp\/v2\/quellen?post=1033"}],"curies":[{"name":"wp","href":"https:\/\/api.w.org\/{rel}","templated":true}]}}