{"id":10337,"date":"2023-04-25T17:45:53","date_gmt":"2023-04-25T15:45:53","guid":{"rendered":"https:\/\/meier-gerdingh.de\/wp-spd-ob\/?p=10337"},"modified":"2023-04-25T17:45:53","modified_gmt":"2023-04-25T15:45:53","slug":"sonja-bongers-an-der-spitze-der-spd-ratsfraktion-bestaetigt","status":"publish","type":"post","link":"https:\/\/meier-gerdingh.de\/wp-spd-ob\/2023\/04\/25\/sonja-bongers-an-der-spitze-der-spd-ratsfraktion-bestaetigt\/","title":{"rendered":"Sonja Bongers an der Spitze der SPD-Ratsfraktion best\u00e4tigt"},"content":{"rendered":"<div id=\"attachment_10335\" style=\"width: 710px\" class=\"wp-caption aligncenter\"><a href=\"https:\/\/meier-gerdingh.de\/wp-spd-ob\/wp-content\/uploads\/2023\/04\/spd-frak-ob-fraktionsvorstand-23-04-lg.jpg\"><img aria-describedby=\"caption-attachment-10335\" decoding=\"async\" class=\"size-full wp-image-10335\" src=\"https:\/\/meier-gerdingh.de\/wp-spd-ob\/wp-content\/uploads\/2023\/04\/spd-frak-ob-fraktionsvorstand-23-04.jpg\" alt=\"\" width=\"700\" height=\"298\" srcset=\"https:\/\/meier-gerdingh.de\/wp-spd-ob\/wp-content\/uploads\/2023\/04\/spd-frak-ob-fraktionsvorstand-23-04.jpg 700w, https:\/\/meier-gerdingh.de\/wp-spd-ob\/wp-content\/uploads\/2023\/04\/spd-frak-ob-fraktionsvorstand-23-04-300x128.jpg 300w\" sizes=\"(max-width: 700px) 100vw, 700px\" \/><\/a><p id=\"caption-attachment-10335\" class=\"wp-caption-text\">Das Foto zeigt den neuen Fraktionsvorstand (von links): Axel J. Scherer, Manuel Prohl, B\u00fclent Sahin, Sonja Bongers, Dagmar Heitmann, Silke Jacobs, Claudia Salwik, Dr. J\u00f6rg Schr\u00f6er und Maximilian Janetzki. (Foto: privat)<\/p><\/div>\n<p>Turnusgem\u00e4\u00df hat die SPD-Ratsfraktion am Montag die Fraktionsvorsitzende, die beiden stellvertretenden Fraktionsvorsitzenden und die sechs Beisitzerinnen und Beisitzer gew\u00e4hlt. Die Landtagsabgeordnete Sonja Bongers, die der Fraktion seit 2019 vorsteht, ist einstimmig bei einer Enthaltung in ihrem Amt best\u00e4tigt worden.<\/p>\n<p>Einen Wechsel gab es bei den beiden stellvertretenden Fraktionsvorsitzenden: Der Osterfelder Bezirksb\u00fcrgermeister Thomas Krey verzichtete auf eine erneute Kandidatur. Manuel Prohl, Stadtverordneter aus Sterkrade, bewarb sich erstmals f\u00fcr dieses Amt und konnte sich \u00fcber das Vertrauen der 17 stimmberechtigten Stadtverordneten freuen: Der 31-J\u00e4hrige erhielt 16 Ja-Stimmen bei einer Gegenstimme. Die Osterfelderin Silke Jacobs bleibt stellvertretende Fraktionsvorsitzende, sie erhielt 15 Ja-Stimmen bei zwei Gegenstimmen.<!--more--><\/p>\n<p>Auch bei den Beisitzerinnen und Beisitzern gab es einen personellen Wechsel: Silke Wilts, Stadtverordnete f\u00fcr Buschhausen, trat nicht mehr zur Wahl an. Ihren Platz nimmt nun Maximilian Janetztki aus Oberhausen-Ost ein. Die Ergebnisse der Beisitzerwahlen im Einzelnen: Dagmar Heitmann: 16 Stimmen; Maximilian Janetzki: 16 Stimmen; B\u00fclent Sahin: 16 Stimmen; Axel J. Scherer: 14 Stimmen; Dr. J\u00f6rg Schr\u00f6er: 17 Stimmen; Claudia Salwik: 15 Stimmen.<\/p>\n","protected":false},"excerpt":{"rendered":"<p>Turnusgem\u00e4\u00df hat die SPD-Ratsfraktion am Montag die Fraktionsvorsitzende, die beiden stellvertretenden Fraktionsvorsitzenden und die sechs Beisitzerinnen und Beisitzer gew\u00e4hlt. Die Landtagsabgeordnete Sonja Bongers, die der Fraktion seit 2019 vorsteht, ist&hellip; <\/p>\n","protected":false},"author":1,"featured_media":0,"comment_status":"closed","ping_status":"closed","sticky":false,"template":"","format":"standard","meta":{"footnotes":""},"categories":[178],"tags":[3494,1778,3493,3495],"quellen":[326],"class_list":["post-10337","post","type-post","status-publish","format-standard","hentry","category-wahlen","tag-halbzeitwahlen-spd-ratsfraktion","tag-spd-ratsfraktion","tag-vorstand-der-ratsfraktion","tag-wahlen-spd-ratsfraktion","quellen-spd-fraktion-oberhausen"],"_links":{"self":[{"href":"https:\/\/meier-gerdingh.de\/wp-spd-ob\/wp-json\/wp\/v2\/posts\/10337","targetHints":{"allow":["GET"]}}],"collection":[{"href":"https:\/\/meier-gerdingh.de\/wp-spd-ob\/wp-json\/wp\/v2\/posts"}],"about":[{"href":"https:\/\/meier-gerdingh.de\/wp-spd-ob\/wp-json\/wp\/v2\/types\/post"}],"author":[{"embeddable":true,"href":"https:\/\/meier-gerdingh.de\/wp-spd-ob\/wp-json\/wp\/v2\/users\/1"}],"replies":[{"embeddable":true,"href":"https:\/\/meier-gerdingh.de\/wp-spd-ob\/wp-json\/wp\/v2\/comments?post=10337"}],"version-history":[{"count":0,"href":"https:\/\/meier-gerdingh.de\/wp-spd-ob\/wp-json\/wp\/v2\/posts\/10337\/revisions"}],"wp:attachment":[{"href":"https:\/\/meier-gerdingh.de\/wp-spd-ob\/wp-json\/wp\/v2\/media?parent=10337"}],"wp:term":[{"taxonomy":"category","embeddable":true,"href":"https:\/\/meier-gerdingh.de\/wp-spd-ob\/wp-json\/wp\/v2\/categories?post=10337"},{"taxonomy":"post_tag","embeddable":true,"href":"https:\/\/meier-gerdingh.de\/wp-spd-ob\/wp-json\/wp\/v2\/tags?post=10337"},{"taxonomy":"quellen","embeddable":true,"href":"https:\/\/meier-gerdingh.de\/wp-spd-ob\/wp-json\/wp\/v2\/quellen?post=10337"}],"curies":[{"name":"wp","href":"https:\/\/api.w.org\/{rel}","templated":true}]}}