{"id":1034,"date":"2013-02-21T17:00:00","date_gmt":"2013-02-21T15:00:00","guid":{"rendered":"http:\/\/www.meier-gerdingh.de\/spd-oberhausen\/wp\/?p=1034"},"modified":"2013-02-21T17:00:00","modified_gmt":"2013-02-21T15:00:00","slug":"hubert-cordes-ist-neuer-vorsitzender","status":"publish","type":"post","link":"https:\/\/meier-gerdingh.de\/wp-spd-ob\/2013\/02\/21\/hubert-cordes-ist-neuer-vorsitzender\/","title":{"rendered":"Hubert Cordes ist neuer Vorsitzender"},"content":{"rendered":"<p><div style=\"width: 150px\" class=\"wp-caption alignleft\"><a href=\"http:\/\/meier-gerdingh.de\/wp-spd-ob\/wp-content\/uploads\/cordes_hubert_09.jpg\"><img decoding=\"async\" src=\"http:\/\/meier-gerdingh.de\/wp-spd-ob\/wp-content\/uploads\/cordes_hubert_09.jpg\"  width=\"140\" height=\"169\" alt=\"Hubert Cordes ist neuer Vorsitzender des Ortsvereins Sterkrade-S\u00fcd\" class=\"size-full\" \/><\/a><p class=\"wp-caption-text\">Hubert Cordes ist neuer Vorsitzender des Ortsvereins Sterkrade-S\u00fcd<\/p><\/div>Am 31. Januar 2013 fand die Jahreshauptversammlung des SPD-Ortsvereins Sterkrade-S\u00fcd statt. Die langj\u00e4hrige Vorsitzende Beatriks Brands stand nicht mehr f\u00fcr eine Wiederwahl zur Verf\u00fcgung. Neu gew\u00e4hlt zum Vorsitzenden wurde Hubert Cordes. Zu seinen Stellvertretern gew\u00e4hlt wurden Marina Kohnke und Dr. J\u00f6rg Schr\u00f6er. In seinem Jahresr\u00fcckblick zog der neue Ortsvereinsvorsitzende Hubert Cordes eine positive Bilanz: Der Ortsverein habe immer wieder aktuelle Themen aufgegriffen, ob dies Mitgliederversammlungen mit der Polizeipr\u00e4sidentin Kerstin Wittmeier zur Sicherheitslage in Oberhausen waren oder eine Veranstaltung mit dem st\u00e4dtischen Dezernenten Reinhard Frind zum Thema &#8222;Inklusion&#8220;.<!--more--><\/p>\n<p>Engagiert hat sich der Ortsverein im erfolgreichen Landtagswahlkampf des vergangenen Jahres. In seinem Ausblick verwies Hubert Cordes auf den anstehenden Bundestagswahlkampf, bei dem klassische Themen der Sozialdemokratie, wie eine gerechte Gesellschaft, sicherlich wieder an zentraler Stelle stehen.<\/p>\n<p>Hubert Cordes ist \u00fcberzeugt, dass es der SPD auch weiterhin gelingt, die Zukunft Oberhausens positiv zu gestalten. Der Ortsverein Sterkrade-S\u00fcd werde dies aktiv und kritisch begleiten.<\/p>\n<p>Im weiteren Verlauf des Abends wurden <b>23 Delegierte und Ersatzdelegierte<\/b> zu den Unterbezirksparteitagen in 2013 gew\u00e4hlt.<\/p>\n<p>Gew\u00e4hlt wurden:<\/p>\n<ul>\n<li>Emmerich, Karl-Heinz<\/li>\n<li>Fl\u00f6tgen, J\u00fcrgen<\/li>\n<li>Diedenhofen, Georg<\/li>\n<li>Flore, Manfred<\/li>\n<li>Albrecht-Mainz, Elia<\/li>\n<li>Brands, Beatriks<\/li>\n<li>Cordes, Hubert<\/li>\n<li>Bach, Jutta<\/li>\n<li>Kalthoff, Horst<\/li>\n<li>Frind, Reinhard<\/li>\n<li>Ge\u00dfner, Andreas<\/li>\n<li>Cordes, Susanne<\/li>\n<li>Schr\u00f6er, J\u00f6rg<\/li>\n<li>Bron, Karsten<\/li>\n<li>Cordes, Frederick<\/li>\n<li>Brands, Otto<\/li>\n<li>Cla\u00dfen, G\u00fcnter<\/li>\n<li>Kalthoff, Dieter<\/li>\n<li>Kohnke, Marina<\/li>\n<li>Sporysch, Ruth<\/li>\n<li>B\u00fclles, Brigitte<\/li>\n<li>Dorroch, Ursula<\/li>\n<li>Jochems, Ingeborg<\/li>\n<\/ul>\n","protected":false},"excerpt":{"rendered":"<p>Am 31. Januar 2013 fand die Jahreshauptversammlung des SPD-Ortsvereins Sterkrade-S\u00fcd statt. Die langj\u00e4hrige Vorsitzende Beatriks Brands stand nicht mehr f\u00fcr eine Wiederwahl zur Verf\u00fcgung. Neu gew\u00e4hlt zum Vorsitzenden wurde Hubert&hellip; <\/p>\n","protected":false},"author":1,"featured_media":0,"comment_status":"closed","ping_status":"closed","sticky":false,"template":"","format":"standard","meta":{"footnotes":""},"categories":[],"tags":[],"quellen":[],"class_list":["post-1034","post","type-post","status-publish","format-standard","hentry"],"_links":{"self":[{"href":"https:\/\/meier-gerdingh.de\/wp-spd-ob\/wp-json\/wp\/v2\/posts\/1034","targetHints":{"allow":["GET"]}}],"collection":[{"href":"https:\/\/meier-gerdingh.de\/wp-spd-ob\/wp-json\/wp\/v2\/posts"}],"about":[{"href":"https:\/\/meier-gerdingh.de\/wp-spd-ob\/wp-json\/wp\/v2\/types\/post"}],"author":[{"embeddable":true,"href":"https:\/\/meier-gerdingh.de\/wp-spd-ob\/wp-json\/wp\/v2\/users\/1"}],"replies":[{"embeddable":true,"href":"https:\/\/meier-gerdingh.de\/wp-spd-ob\/wp-json\/wp\/v2\/comments?post=1034"}],"version-history":[{"count":0,"href":"https:\/\/meier-gerdingh.de\/wp-spd-ob\/wp-json\/wp\/v2\/posts\/1034\/revisions"}],"wp:attachment":[{"href":"https:\/\/meier-gerdingh.de\/wp-spd-ob\/wp-json\/wp\/v2\/media?parent=1034"}],"wp:term":[{"taxonomy":"category","embeddable":true,"href":"https:\/\/meier-gerdingh.de\/wp-spd-ob\/wp-json\/wp\/v2\/categories?post=1034"},{"taxonomy":"post_tag","embeddable":true,"href":"https:\/\/meier-gerdingh.de\/wp-spd-ob\/wp-json\/wp\/v2\/tags?post=1034"},{"taxonomy":"quellen","embeddable":true,"href":"https:\/\/meier-gerdingh.de\/wp-spd-ob\/wp-json\/wp\/v2\/quellen?post=1034"}],"curies":[{"name":"wp","href":"https:\/\/api.w.org\/{rel}","templated":true}]}}