{"id":10343,"date":"2023-04-26T17:25:14","date_gmt":"2023-04-26T15:25:14","guid":{"rendered":"https:\/\/meier-gerdingh.de\/wp-spd-ob\/?p=10343"},"modified":"2023-04-26T17:25:14","modified_gmt":"2023-04-26T15:25:14","slug":"spd-veranstaltung-zur-aerzteversorgung","status":"publish","type":"post","link":"https:\/\/meier-gerdingh.de\/wp-spd-ob\/2023\/04\/26\/spd-veranstaltung-zur-aerzteversorgung\/","title":{"rendered":"SPD-Veranstaltung zur \u00c4rzteversorgung"},"content":{"rendered":"<p><a href=\"https:\/\/meier-gerdingh.de\/wp-spd-ob\/wp-content\/uploads\/2023\/04\/banner-veranstaltung-aerztemangel-23-05-02-960.jpg\"><img decoding=\"async\" class=\"aligncenter size-full wp-image-10342\" src=\"https:\/\/meier-gerdingh.de\/wp-spd-ob\/wp-content\/uploads\/2023\/04\/banner-veranstaltung-aerztemangel-23-05-02-960.jpg\" alt=\"\" width=\"960\" height=\"540\" srcset=\"https:\/\/meier-gerdingh.de\/wp-spd-ob\/wp-content\/uploads\/2023\/04\/banner-veranstaltung-aerztemangel-23-05-02-960.jpg 960w, https:\/\/meier-gerdingh.de\/wp-spd-ob\/wp-content\/uploads\/2023\/04\/banner-veranstaltung-aerztemangel-23-05-02-960-300x169.jpg 300w\" sizes=\"(max-width: 960px) 100vw, 960px\" \/><\/a>Haben wir einen &#8222;\u00c4rztemangel in Oberhausen?&#8220; Und ist eine angemessene Terminvergabe noch m\u00f6glich? Diesen und weiteren Fragen geht eine Veranstaltung in der Reihe &#8222;b\u00fcrgerbeteiligung plus&#8220; der AG 60 Plus der SPD in Zusammenarbeit mit der Ratsfraktion und der Kassen\u00e4rztlichen Vereinigung Nordrhein nach.<\/p>\n<p>Zu Gast ist Dr. Stephan Becker, Vorsitzender der Kreisstelle Oberhausen der Kassen\u00e4rztlichen Vereinigung. Die Veranstaltung beginnt am <strong>Dienstag, 2. Mai, um 19 Uhr<\/strong> in der Sterkrader <strong>Gastst\u00e4tte Klumpen Moritz, Bahnhofstra\u00dfe 30<\/strong>.<!--more--><\/p>\n<p>Die Teilnahme ist kostenlos, um eine Anmeldung wird gebeten, telefonisch unter <a href=\"tel:02088253460\">0208\/825-3460<\/a> oder per E-Mail: <a href=\"mailto:buero@spd-fraktion-oberhausen.de\">buero@spd-fraktion-oberhausen.de<\/a>.<\/p>\n","protected":false},"excerpt":{"rendered":"<p>Haben wir einen &#8222;\u00c4rztemangel in Oberhausen?&#8220; Und ist eine angemessene Terminvergabe noch m\u00f6glich? Diesen und weiteren Fragen geht eine Veranstaltung in der Reihe &#8222;b\u00fcrgerbeteiligung plus&#8220; der AG 60 Plus der&hellip; <\/p>\n","protected":false},"author":1,"featured_media":0,"comment_status":"closed","ping_status":"closed","sticky":false,"template":"","format":"standard","meta":{"footnotes":""},"categories":[297,171],"tags":[318,3497,3496,3498],"quellen":[328,326],"class_list":["post-10343","post","type-post","status-publish","format-standard","hentry","category-gesundheit","category-veranstaltungen","tag-aerztemangel","tag-aerzteversorgung","tag-fachaerztemangel","tag-kassenaerztliche-vereinigung-nordrhein","quellen-ag-60-plus-oberhausen","quellen-spd-fraktion-oberhausen"],"_links":{"self":[{"href":"https:\/\/meier-gerdingh.de\/wp-spd-ob\/wp-json\/wp\/v2\/posts\/10343","targetHints":{"allow":["GET"]}}],"collection":[{"href":"https:\/\/meier-gerdingh.de\/wp-spd-ob\/wp-json\/wp\/v2\/posts"}],"about":[{"href":"https:\/\/meier-gerdingh.de\/wp-spd-ob\/wp-json\/wp\/v2\/types\/post"}],"author":[{"embeddable":true,"href":"https:\/\/meier-gerdingh.de\/wp-spd-ob\/wp-json\/wp\/v2\/users\/1"}],"replies":[{"embeddable":true,"href":"https:\/\/meier-gerdingh.de\/wp-spd-ob\/wp-json\/wp\/v2\/comments?post=10343"}],"version-history":[{"count":0,"href":"https:\/\/meier-gerdingh.de\/wp-spd-ob\/wp-json\/wp\/v2\/posts\/10343\/revisions"}],"wp:attachment":[{"href":"https:\/\/meier-gerdingh.de\/wp-spd-ob\/wp-json\/wp\/v2\/media?parent=10343"}],"wp:term":[{"taxonomy":"category","embeddable":true,"href":"https:\/\/meier-gerdingh.de\/wp-spd-ob\/wp-json\/wp\/v2\/categories?post=10343"},{"taxonomy":"post_tag","embeddable":true,"href":"https:\/\/meier-gerdingh.de\/wp-spd-ob\/wp-json\/wp\/v2\/tags?post=10343"},{"taxonomy":"quellen","embeddable":true,"href":"https:\/\/meier-gerdingh.de\/wp-spd-ob\/wp-json\/wp\/v2\/quellen?post=10343"}],"curies":[{"name":"wp","href":"https:\/\/api.w.org\/{rel}","templated":true}]}}