{"id":10344,"date":"2023-04-27T15:57:20","date_gmt":"2023-04-27T13:57:20","guid":{"rendered":"https:\/\/meier-gerdingh.de\/wp-spd-ob\/?p=10344"},"modified":"2023-06-10T11:40:44","modified_gmt":"2023-06-10T09:40:44","slug":"einladung-zum-stadtteilgespraech","status":"publish","type":"post","link":"https:\/\/meier-gerdingh.de\/wp-spd-ob\/2023\/04\/27\/einladung-zum-stadtteilgespraech\/","title":{"rendered":"Einladung zum Stadtteilgespr\u00e4ch"},"content":{"rendered":"<div id=\"attachment_9261\" style=\"width: 190px\" class=\"wp-caption alignleft\"><a href=\"https:\/\/meier-gerdingh.de\/wp-spd-ob\/wp-content\/uploads\/2022\/09\/prohl-manuel-lg.jpg\"><img aria-describedby=\"caption-attachment-9261\" decoding=\"async\" class=\"size-full wp-image-9261\" src=\"https:\/\/meier-gerdingh.de\/wp-spd-ob\/wp-content\/uploads\/2022\/09\/prohl-manuel.jpg\" alt=\"\" width=\"180\" height=\"180\" srcset=\"https:\/\/meier-gerdingh.de\/wp-spd-ob\/wp-content\/uploads\/2022\/09\/prohl-manuel.jpg 180w, https:\/\/meier-gerdingh.de\/wp-spd-ob\/wp-content\/uploads\/2022\/09\/prohl-manuel-150x150.jpg 150w\" sizes=\"(max-width: 180px) 100vw, 180px\" \/><\/a><p id=\"caption-attachment-9261\" class=\"wp-caption-text\">Manuel Prohl ist stellvertretender Vorsitzender der SPD-Fraktion<\/p><\/div>\n<p>Der SPD-Ortsverein Sterkrade-S\u00fcd l\u00e4dt alle Sterkrader B\u00fcrger und B\u00fcrgerinnen zum monatlichen Stadtteilgespr\u00e4ch ein. Es findet am <strong>Donnerstag, 27. April, ab 19 Uhr<\/strong> im <strong>Klumpen Moritz, Bahnhofstra\u00dfe 30<\/strong>, statt. Dort m\u00f6chte der Stadtverordnete Manuel Prohl den B\u00fcrgerinnen und B\u00fcrgern in ungezwungener Runde begegnen und \u00fcber alles reden, was den Sterkradern &#8222;auf den N\u00e4geln brennt&#8220;.<\/p>\n<p>Manuel Prohl und andere anwesende Mitglieder des Ortsvereins hoffen, im pers\u00f6nlichen, geselligen Kontakt gr\u00f6\u00dferes gegenseitiges Verst\u00e4ndnis zwischen Politikern und B\u00fcrgern schaffen zu k\u00f6nnen und so den einen oder die andere zur Mitarbeit zu motivieren. Das Stadtteilgespr\u00e4ch bietet allen Interessierten die M\u00f6glichkeit, zur Entwicklung Sterkrades beizutragen.<!--more--> <\/p>\n","protected":false},"excerpt":{"rendered":"<p>Der SPD-Ortsverein Sterkrade-S\u00fcd l\u00e4dt alle Sterkrader B\u00fcrger und B\u00fcrgerinnen zum monatlichen Stadtteilgespr\u00e4ch ein. Es findet am Donnerstag, 27. April, ab 19 Uhr im Klumpen Moritz, Bahnhofstra\u00dfe 30, statt. Dort m\u00f6chte&hellip; <\/p>\n","protected":false},"author":1,"featured_media":0,"comment_status":"closed","ping_status":"closed","sticky":false,"template":"","format":"standard","meta":{"footnotes":""},"categories":[167,171],"tags":[1654,3499,184,46],"quellen":[338],"class_list":["post-10344","post","type-post","status-publish","format-standard","hentry","category-stadtteile","category-veranstaltungen","tag-stadtteilgespraech","tag-stadtteilgespraech-sterkrade","tag-stadtteilgespraeche","tag-sterkrade","quellen-ov-sterkrade-sued"],"_links":{"self":[{"href":"https:\/\/meier-gerdingh.de\/wp-spd-ob\/wp-json\/wp\/v2\/posts\/10344","targetHints":{"allow":["GET"]}}],"collection":[{"href":"https:\/\/meier-gerdingh.de\/wp-spd-ob\/wp-json\/wp\/v2\/posts"}],"about":[{"href":"https:\/\/meier-gerdingh.de\/wp-spd-ob\/wp-json\/wp\/v2\/types\/post"}],"author":[{"embeddable":true,"href":"https:\/\/meier-gerdingh.de\/wp-spd-ob\/wp-json\/wp\/v2\/users\/1"}],"replies":[{"embeddable":true,"href":"https:\/\/meier-gerdingh.de\/wp-spd-ob\/wp-json\/wp\/v2\/comments?post=10344"}],"version-history":[{"count":0,"href":"https:\/\/meier-gerdingh.de\/wp-spd-ob\/wp-json\/wp\/v2\/posts\/10344\/revisions"}],"wp:attachment":[{"href":"https:\/\/meier-gerdingh.de\/wp-spd-ob\/wp-json\/wp\/v2\/media?parent=10344"}],"wp:term":[{"taxonomy":"category","embeddable":true,"href":"https:\/\/meier-gerdingh.de\/wp-spd-ob\/wp-json\/wp\/v2\/categories?post=10344"},{"taxonomy":"post_tag","embeddable":true,"href":"https:\/\/meier-gerdingh.de\/wp-spd-ob\/wp-json\/wp\/v2\/tags?post=10344"},{"taxonomy":"quellen","embeddable":true,"href":"https:\/\/meier-gerdingh.de\/wp-spd-ob\/wp-json\/wp\/v2\/quellen?post=10344"}],"curies":[{"name":"wp","href":"https:\/\/api.w.org\/{rel}","templated":true}]}}