{"id":1035,"date":"2013-02-21T17:00:00","date_gmt":"2013-02-21T15:00:00","guid":{"rendered":"http:\/\/www.meier-gerdingh.de\/spd-oberhausen\/wp\/?p=1035"},"modified":"2013-02-21T17:00:00","modified_gmt":"2013-02-21T15:00:00","slug":"kuenftig-mehr-parkplaetze-auf-der-dudelerstrasse-in-schmachtendorf","status":"publish","type":"post","link":"https:\/\/meier-gerdingh.de\/wp-spd-ob\/2013\/02\/21\/kuenftig-mehr-parkplaetze-auf-der-dudelerstrasse-in-schmachtendorf\/","title":{"rendered":"K\u00fcnftig mehr Parkpl\u00e4tze auf der Dudelerstra\u00dfe in Schmachtendorf"},"content":{"rendered":"<p><div style=\"width: 150px\" class=\"wp-caption alignleft\"><a href=\"http:\/\/meier-gerdingh.de\/wp-spd-ob\/wp-content\/uploads\/scheffler_stefan_09.jpg\"><img decoding=\"async\" src=\"http:\/\/meier-gerdingh.de\/wp-spd-ob\/wp-content\/uploads\/scheffler_stefan_09.jpg\"  width=\"140\" height=\"169\" alt=\"Stefan Scheffler ist Mitglied des Rates f\u00fcr Schmachtendorf\" class=\"size-full\" \/><\/a><p class=\"wp-caption-text\">Stefan Scheffler ist Mitglied des Rates f\u00fcr Schmachtendorf<\/p><\/div>Erg\u00e4nzend zu den vor einiger Zeit neu eingerichteten Parkpl\u00e4tzen vor der Stadtteilbibliothek werden auf Initiative der SPD-Fraktion in K\u00fcrze weitere vier bis sechs Parkpl\u00e4tze im Ortskern von Schmachtendorf eingerichtet. &#8222;Die kostenlosen Parkm\u00f6glichkeiten werden sich direkt auf der Dudelerstra\u00dfe befinden und die Situation des dortigen Einzelhandels verbessern&#8220;, k\u00fcndigt der Schmachtendorfer SPD-Stadtverordnete Stefan Scheffler an. &#8222;Gerade \u00e4ltere B\u00fcrger werden sich \u00fcber die k\u00fcrzeren Wege zum Auto freuen, wenn sie nach dem Einkauf mit schweren Taschen beladen den Heimweg antreten.&#8220;<!--more--><\/p>\n<p>Die SPD greift mit ihrem Beschluss die Anregungen der B\u00fcrger vor Ort und der ans\u00e4ssigen Einzelh\u00e4ndler auf, die sich \u00fcber mangelnde Parkm\u00f6glichkeiten beklagt hatten.<\/p>\n<p>&#8222;Als n\u00e4chster Schritt steht f\u00fcr uns eine vern\u00fcnftige Nachfolgel\u00f6sung f\u00fcr das ehemalige LIDL-Ladenlokal zu finden auf dem Programm&#8220;, richtet Stefan Scheffler den Blick in die Zukunft. &#8222;Ich w\u00fcnsche mir eine gute Nahversorgung f\u00fcr Schmachtendorf und bedanke mich f\u00fcr die Unterst\u00fctzung der Verwaltung bei der gefundenen L\u00f6sung.&#8220;<\/p>\n","protected":false},"excerpt":{"rendered":"<p>Erg\u00e4nzend zu den vor einiger Zeit neu eingerichteten Parkpl\u00e4tzen vor der Stadtteilbibliothek werden auf Initiative der SPD-Fraktion in K\u00fcrze weitere vier bis sechs Parkpl\u00e4tze im Ortskern von Schmachtendorf eingerichtet. &#8222;Die&hellip; <\/p>\n","protected":false},"author":1,"featured_media":0,"comment_status":"closed","ping_status":"closed","sticky":false,"template":"","format":"standard","meta":{"footnotes":""},"categories":[],"tags":[],"quellen":[],"class_list":["post-1035","post","type-post","status-publish","format-standard","hentry"],"_links":{"self":[{"href":"https:\/\/meier-gerdingh.de\/wp-spd-ob\/wp-json\/wp\/v2\/posts\/1035","targetHints":{"allow":["GET"]}}],"collection":[{"href":"https:\/\/meier-gerdingh.de\/wp-spd-ob\/wp-json\/wp\/v2\/posts"}],"about":[{"href":"https:\/\/meier-gerdingh.de\/wp-spd-ob\/wp-json\/wp\/v2\/types\/post"}],"author":[{"embeddable":true,"href":"https:\/\/meier-gerdingh.de\/wp-spd-ob\/wp-json\/wp\/v2\/users\/1"}],"replies":[{"embeddable":true,"href":"https:\/\/meier-gerdingh.de\/wp-spd-ob\/wp-json\/wp\/v2\/comments?post=1035"}],"version-history":[{"count":0,"href":"https:\/\/meier-gerdingh.de\/wp-spd-ob\/wp-json\/wp\/v2\/posts\/1035\/revisions"}],"wp:attachment":[{"href":"https:\/\/meier-gerdingh.de\/wp-spd-ob\/wp-json\/wp\/v2\/media?parent=1035"}],"wp:term":[{"taxonomy":"category","embeddable":true,"href":"https:\/\/meier-gerdingh.de\/wp-spd-ob\/wp-json\/wp\/v2\/categories?post=1035"},{"taxonomy":"post_tag","embeddable":true,"href":"https:\/\/meier-gerdingh.de\/wp-spd-ob\/wp-json\/wp\/v2\/tags?post=1035"},{"taxonomy":"quellen","embeddable":true,"href":"https:\/\/meier-gerdingh.de\/wp-spd-ob\/wp-json\/wp\/v2\/quellen?post=1035"}],"curies":[{"name":"wp","href":"https:\/\/api.w.org\/{rel}","templated":true}]}}