{"id":10358,"date":"2023-05-04T11:36:09","date_gmt":"2023-05-04T09:36:09","guid":{"rendered":"https:\/\/meier-gerdingh.de\/wp-spd-ob\/?p=10358"},"modified":"2023-05-10T20:44:03","modified_gmt":"2023-05-10T18:44:03","slug":"frederick-cordes-untersucht-das-brueckendesaster-von-luedenscheid","status":"publish","type":"post","link":"https:\/\/meier-gerdingh.de\/wp-spd-ob\/2023\/05\/04\/frederick-cordes-untersucht-das-brueckendesaster-von-luedenscheid\/","title":{"rendered":"Frederick Cordes untersucht das &#8222;Br\u00fcckendesaster&#8220; von L\u00fcdenscheid"},"content":{"rendered":"<div id=\"attachment_8088\" style=\"width: 170px\" class=\"wp-caption alignleft\"><a href=\"https:\/\/meier-gerdingh.de\/wp-spd-ob\/wp-content\/uploads\/2021\/03\/mdl-frederick-cordes-lg.jpg\"><img aria-describedby=\"caption-attachment-8088\" decoding=\"async\" class=\"size-full wp-image-8088\" src=\"https:\/\/meier-gerdingh.de\/wp-spd-ob\/wp-content\/uploads\/2021\/03\/mdl-frederick-cordes.jpg\" alt=\"\" width=\"160\" height=\"200\" \/><\/a><p id=\"caption-attachment-8088\" class=\"wp-caption-text\">Frederick Cordes ist Mitglied des Landtags von Nordrhein-Westfalen<\/p><\/div>\n<p>Ob die folgenschwere Sperrung der Rahmedetalbr\u00fccke bei L\u00fcdenscheid h\u00e4tte verhindert werden k\u00f6nnen, und ob der heutige Ministerpr\u00e4sident Hendrik W\u00fcst entsprechende Hinweise in seiner Zeit als Verkehrsminister unter den Tisch fallen lie\u00df, diesen Fragen geht nun der Parlamentarische Untersuchungsausschuss (PUA) &#8222;Br\u00fcckendesaster und Infrastrukturstau&#8220; im Landtag NRW nach. Mitglied im PUA, der sich am Donnerstag konstituierte, ist auch der Oberhausener SPD-Landtagsabgeordnete Frederick Cordes.<\/p>\n<p>&#8222;Der Zustand insbesondere der Autobahnbr\u00fccken hat f\u00fcr Nordrhein-Westfalen eine riesige Bedeutung \u2013 verf\u00e4llt diese Infrastruktur, oder f\u00e4llt sie sogar weg, dann ist unsere Zukunft als Industrieland gef\u00e4hrdet&#8220;, kommentiert Cordes, und weiter: &#8222;Die SPD will daher nicht nur aufkl\u00e4ren, warum der damalige Verkehrsminister W\u00fcst nicht gehandelt hat. Wir werden auch den allgemeinen Zustand der Br\u00fcckeninfrastruktur beleuchten, um ein weiteres Verkehrs-Fiasko zu verhindern.&#8220;<!--more--><\/p>\n<p>Ein Blick nach L\u00fcdenscheid und Umgebung reiche aus, um das Ma\u00df an Chaos und den Verlust an Lebensqualit\u00e4t f\u00fcr die Bev\u00f6lkerung zu erfassen, welches die Sperrung einer vielgenutzten Br\u00fccke nach sich ziehe. &#8222;Dauer-L\u00e4rm und Dauer-Stau schaden den Menschen und der lokalen Wirtschaft. Sollte sich bewahrheiten, dass der heutige Ministerpr\u00e4sident und sein Ministerium diese Krise durch Vertuschung verursacht haben, dann w\u00e4re das ein Riesenskandal,&#8220; so Frederick Cordes abschlie\u00dfend.<\/p>\n<h3 class=\"spd-ob-crossheading\">Hintergrund:<\/h3>\n<p>Die A45-Rahmedetalbr\u00fccke ist seit Dezember 2021 gesperrt und soll am 7. Mai 2023 gesprengt werden. Seitdem werden die Umgehungsstra\u00dfen in der Region t\u00e4glich durch sch\u00e4tzungsweise 20.000 zus\u00e4tzliche Fahrzeuge belastet. Die rot-gr\u00fcne Landesregierung und Verkehrsminister Mike Groschek hatten 2015 einen Br\u00fcckenneubau beschlossen, welche durch die CDU-gef\u00fchrte Landesregierung und Groscheks Nachfolger Hendrik W\u00fcst jedoch nie umgesetzt, sondern aufgeschoben wurden.<\/p>\n<p>Im Januar 2023 berichtete der WDR, dass im W\u00fcst-gef\u00fchrten Verkehrsministerium E-Mails gel\u00f6scht wurden, die auf die Dringlichkeit der Sanierung hinwiesen <sup><a href=\"https:\/\/www1.wdr.de\/nachrichten\/landespolitik\/rahmedetalbruecke-wuest-landtag-100.html\">[1]<\/a><\/sup>.<\/p>\n<p>Auch vor diesem Hintergrund beantragten die Oppositionsfraktionen der SPD und der FDP im M\u00e4rz 2023 die Einsetzung eines Parlamentarischen Untersuchungsausschusses, um die M\u00f6glichkeit zu erhalten, Zugang zu ministeriellen Aktenvorg\u00e4ngen und die Chance auf Vernehmung von Zeuginnen und Zeugen zu bekommen.<\/p>\n<p>Im April 2023 ver\u00f6ffentlichte das Nachrichtenportal t-online <sup><a href=\"https:\/\/www.t-online.de\/region\/dortmund\/id_100159656\/gesperrte-a45-bruecke-rahmede-bei-luedenscheid-cdu-profitierte-von-wuests-plan.html\">[2]<\/a><\/sup> zudem eine Recherche, der zufolge m\u00f6glicherweise gar Projekte in CDU-geneigten Wahlkreisen bewusst vorgezogen wurden, zu Lasten u.a. des Neubauprojektes Rahmedetalbr\u00fccke.<\/p>\n","protected":false},"excerpt":{"rendered":"<p>Ob die folgenschwere Sperrung der Rahmedetalbr\u00fccke bei L\u00fcdenscheid h\u00e4tte verhindert werden k\u00f6nnen, und ob der heutige Ministerpr\u00e4sident Hendrik W\u00fcst entsprechende Hinweise in seiner Zeit als Verkehrsminister unter den Tisch fallen&hellip; <\/p>\n","protected":false},"author":1,"featured_media":0,"comment_status":"closed","ping_status":"closed","sticky":false,"template":"","format":"standard","meta":{"footnotes":""},"categories":[216,3070],"tags":[3509,3041,3507,3348,3510,3508,3511,3192,3506,3505,3512],"quellen":[2806],"class_list":["post-10358","post","type-post","status-publish","format-standard","hentry","category-land","category-mobilitaet","tag-a-45","tag-autobahnen","tag-autonahnbruecken","tag-infrastruktur","tag-infrastrukturstau","tag-luedenscheid","tag-nrw-verkehrsminister","tag-nrw-verkehrsministerium","tag-parlamentarischer-untersuchungsausschuss","tag-rahmedetalbruecke","tag-verkehrsminister-nrw","quellen-mdl-frederick-cordes"],"_links":{"self":[{"href":"https:\/\/meier-gerdingh.de\/wp-spd-ob\/wp-json\/wp\/v2\/posts\/10358","targetHints":{"allow":["GET"]}}],"collection":[{"href":"https:\/\/meier-gerdingh.de\/wp-spd-ob\/wp-json\/wp\/v2\/posts"}],"about":[{"href":"https:\/\/meier-gerdingh.de\/wp-spd-ob\/wp-json\/wp\/v2\/types\/post"}],"author":[{"embeddable":true,"href":"https:\/\/meier-gerdingh.de\/wp-spd-ob\/wp-json\/wp\/v2\/users\/1"}],"replies":[{"embeddable":true,"href":"https:\/\/meier-gerdingh.de\/wp-spd-ob\/wp-json\/wp\/v2\/comments?post=10358"}],"version-history":[{"count":0,"href":"https:\/\/meier-gerdingh.de\/wp-spd-ob\/wp-json\/wp\/v2\/posts\/10358\/revisions"}],"wp:attachment":[{"href":"https:\/\/meier-gerdingh.de\/wp-spd-ob\/wp-json\/wp\/v2\/media?parent=10358"}],"wp:term":[{"taxonomy":"category","embeddable":true,"href":"https:\/\/meier-gerdingh.de\/wp-spd-ob\/wp-json\/wp\/v2\/categories?post=10358"},{"taxonomy":"post_tag","embeddable":true,"href":"https:\/\/meier-gerdingh.de\/wp-spd-ob\/wp-json\/wp\/v2\/tags?post=10358"},{"taxonomy":"quellen","embeddable":true,"href":"https:\/\/meier-gerdingh.de\/wp-spd-ob\/wp-json\/wp\/v2\/quellen?post=10358"}],"curies":[{"name":"wp","href":"https:\/\/api.w.org\/{rel}","templated":true}]}}