{"id":10360,"date":"2023-05-04T17:52:56","date_gmt":"2023-05-04T15:52:56","guid":{"rendered":"https:\/\/meier-gerdingh.de\/wp-spd-ob\/?p=10360"},"modified":"2023-05-04T17:52:56","modified_gmt":"2023-05-04T15:52:56","slug":"spd-fordert-soziale-komponente-bei-preisgestaltung","status":"publish","type":"post","link":"https:\/\/meier-gerdingh.de\/wp-spd-ob\/2023\/05\/04\/spd-fordert-soziale-komponente-bei-preisgestaltung\/","title":{"rendered":"SPD fordert soziale Komponente bei Preisgestaltung"},"content":{"rendered":"<div id=\"attachment_9424\" style=\"width: 170px\" class=\"wp-caption alignleft\"><a href=\"https:\/\/meier-gerdingh.de\/wp-spd-ob\/wp-content\/uploads\/2022\/10\/janetzki-maximilian-portrait-lg.jpg\"><img aria-describedby=\"caption-attachment-9424\" decoding=\"async\" class=\"size-full wp-image-9424\" src=\"https:\/\/meier-gerdingh.de\/wp-spd-ob\/wp-content\/uploads\/2022\/10\/janetzki-maximilian-portrait.jpg\" alt=\"\" width=\"160\" height=\"200\" \/><\/a><p id=\"caption-attachment-9424\" class=\"wp-caption-text\">Maximilian Janetzki ist Mitglied des Rates der Stadt Oberhausen<\/p><\/div>\n<p>Die angestiegenen Energie- und Personalkosten machen es erforderlich, dass der Aquapark seine Preise erh\u00f6ht, um den st\u00e4dtischen Haushalt nicht erheblich mehr zu belasten. Dies haben die Mitglieder des Sportausschusses in dessen j\u00fcngster Sitzung erfahren. Dabei stellte Jens Vatheuer von der Gesch\u00e4ftsf\u00fchrung des Aquaparks die beabsichtige Preissteigerung von einem Euro pro Einzelkarte vor.<\/p>\n<p>&#8222;Dies w\u00fcrde die Kinder- und Familienkarten \u00fcberproportional belasten&#8220;, erkl\u00e4rte der SPD-Stadtverordnete Maximilian Janetzki in der Sitzung. &#8222;Wir w\u00fcnschen uns, dass ein Alternativmodell ausgearbeitet wird, welches die Preiserh\u00f6hungen gerade f\u00fcr Kinder und Familien so gering wie m\u00f6glich h\u00e4lt. Hier geht es schlie\u00dflich auch um die Schwimmf\u00e4higkeit der Kinder in unserer Stadt.&#8220; Auch Gr\u00fcne und Linke hatten die Preissteigerung kritisiert.<!--more--><\/p>\n<p>Die SPD-Fraktion erwartet nun, dass der Aquapark und die beteiligte Unternehmensberatung eine Preisstruktur ausarbeiten, die die Ziele der finanziellen Entlastung des Haushalts und der Abfederung sozialer Lasten \u00fcbereinbringt.<\/p>\n","protected":false},"excerpt":{"rendered":"<p>Die angestiegenen Energie- und Personalkosten machen es erforderlich, dass der Aquapark seine Preise erh\u00f6ht, um den st\u00e4dtischen Haushalt nicht erheblich mehr zu belasten. Dies haben die Mitglieder des Sportausschusses in&hellip; <\/p>\n","protected":false},"author":1,"featured_media":0,"comment_status":"closed","ping_status":"closed","sticky":false,"template":"","format":"standard","meta":{"footnotes":""},"categories":[179,47],"tags":[3513,3515,3514,3225,48,524],"quellen":[326],"class_list":["post-10360","post","type-post","status-publish","format-standard","hentry","category-kinder-und-jugendliche","category-sport","tag-aquapark","tag-preiserhoehung-aquapark","tag-schwimmbaeder","tag-schwimmen","tag-sportausschuss","tag-staedtischer-haushalt","quellen-spd-fraktion-oberhausen"],"_links":{"self":[{"href":"https:\/\/meier-gerdingh.de\/wp-spd-ob\/wp-json\/wp\/v2\/posts\/10360","targetHints":{"allow":["GET"]}}],"collection":[{"href":"https:\/\/meier-gerdingh.de\/wp-spd-ob\/wp-json\/wp\/v2\/posts"}],"about":[{"href":"https:\/\/meier-gerdingh.de\/wp-spd-ob\/wp-json\/wp\/v2\/types\/post"}],"author":[{"embeddable":true,"href":"https:\/\/meier-gerdingh.de\/wp-spd-ob\/wp-json\/wp\/v2\/users\/1"}],"replies":[{"embeddable":true,"href":"https:\/\/meier-gerdingh.de\/wp-spd-ob\/wp-json\/wp\/v2\/comments?post=10360"}],"version-history":[{"count":0,"href":"https:\/\/meier-gerdingh.de\/wp-spd-ob\/wp-json\/wp\/v2\/posts\/10360\/revisions"}],"wp:attachment":[{"href":"https:\/\/meier-gerdingh.de\/wp-spd-ob\/wp-json\/wp\/v2\/media?parent=10360"}],"wp:term":[{"taxonomy":"category","embeddable":true,"href":"https:\/\/meier-gerdingh.de\/wp-spd-ob\/wp-json\/wp\/v2\/categories?post=10360"},{"taxonomy":"post_tag","embeddable":true,"href":"https:\/\/meier-gerdingh.de\/wp-spd-ob\/wp-json\/wp\/v2\/tags?post=10360"},{"taxonomy":"quellen","embeddable":true,"href":"https:\/\/meier-gerdingh.de\/wp-spd-ob\/wp-json\/wp\/v2\/quellen?post=10360"}],"curies":[{"name":"wp","href":"https:\/\/api.w.org\/{rel}","templated":true}]}}