{"id":10363,"date":"2023-05-03T15:23:22","date_gmt":"2023-05-03T13:23:22","guid":{"rendered":"https:\/\/meier-gerdingh.de\/wp-spd-ob\/?p=10363"},"modified":"2024-06-13T14:54:23","modified_gmt":"2024-06-13T12:54:23","slug":"mehr-weibliche-prueferinnen-beim-jura-examen","status":"publish","type":"post","link":"https:\/\/meier-gerdingh.de\/wp-spd-ob\/2023\/05\/03\/mehr-weibliche-prueferinnen-beim-jura-examen\/","title":{"rendered":"Mehr weibliche Pr\u00fcferinnen beim Jura-Examen"},"content":{"rendered":"<p><a href=\"https:\/\/meier-gerdingh.de\/wp-spd-ob\/wp-content\/uploads\/2023\/03\/banner-diese-woche-im-landtag-01.jpg\"><img decoding=\"async\" class=\"aligncenter size-full wp-image-10267\" src=\"https:\/\/meier-gerdingh.de\/wp-spd-ob\/wp-content\/uploads\/2023\/03\/banner-diese-woche-im-landtag-01.jpg\" alt=\"\" width=\"700\" height=\"258\" srcset=\"https:\/\/meier-gerdingh.de\/wp-spd-ob\/wp-content\/uploads\/2023\/03\/banner-diese-woche-im-landtag-01.jpg 700w, https:\/\/meier-gerdingh.de\/wp-spd-ob\/wp-content\/uploads\/2023\/03\/banner-diese-woche-im-landtag-01-300x111.jpg 300w\" sizes=\"(max-width: 700px) 100vw, 700px\" \/><\/a><\/p>\n<div id=\"attachment_7690\" style=\"width: 170px\" class=\"wp-caption alignleft\"><a href=\"https:\/\/meier-gerdingh.de\/wp-spd-ob\/wp-content\/uploads\/2020\/11\/bongers-sonja-2020-lg.jpg\"><img aria-describedby=\"caption-attachment-7690\" decoding=\"async\" class=\"size-full wp-image-7690\" src=\"https:\/\/meier-gerdingh.de\/wp-spd-ob\/wp-content\/uploads\/2020\/11\/bongers-sonja-2020.jpg\" alt=\"\" width=\"160\" height=\"200\" \/><\/a><p id=\"caption-attachment-7690\" class=\"wp-caption-text\">Sonja Bongers ist Vorsitzende der SPD-Ratsfraktion und Mitglied des Landtags von Nordrhein-Westfalen<\/p><\/div>\n<p>Die Studie &#8222;Geschlechts- und Herkunftseffekte bei juristischen Staatsexamen&#8220; des Justizministeriums NRW hat ergeben, dass die m\u00fcndlichen Noten bei Frauen durchschnittlich 2,4 % schlechter ausfallen als in den objektiveren anonymisierten schriftlichen Pr\u00fcfungen. Bei \u00fcberproportional vielen m\u00e4nnlichen Pr\u00fcfern haben Frauen schlechtere Chancen, die gleiche Bewertung als ihre m\u00e4nnlichen Kommilitonen zu erhalten.<\/p>\n<p>Pr\u00fcfungen haben den Anspruch fair zu sein. Dabei sollen die Leistungen von Examenskandidaten m\u00f6glichst nach objektiven Kriterien bewertet werden. Strukturelle Diskriminierungen zu verhindern, ist dabei oberstes Gebot. Aber gerade in m\u00fcndlichen Pr\u00fcfungen flie\u00dft oft nicht nur die reine Sachleistung, sondern auch das individuelle Auftreten und der Kontakt in der Pr\u00fcfungssituation in die Gesamtbewertung mit ein. Dieses geschieht sowohl bewusst als auch unbewusst. In die Wahrnehmung von anderen Menschen spielen auch immer zum einen Standpunkte, aber zum anderen auch Erwartungen an Geschlechterrollen mit ein.<!--more--><\/p>\n<p>Gerecht w\u00e4re es nun, auf ein ausgewogenes Verh\u00e4ltnis von m\u00e4nnlichen und weiblichen Pr\u00fcfenden zu achten. Das w\u00e4re ein wichtiger Schritt, um Frauen im juristischen Staatsexamen die gleichen Chancen zuzugestehen wie M\u00e4nnern. Das ist wichtig, vor allem auch weil f\u00fcr Juristinnen und Juristen die Examensnote ausschlaggebend f\u00fcr die sp\u00e4teren Jobm\u00f6glichkeiten sein kann.<\/p>\n<p>Dar\u00fcber hinaus sollten neben Experten aus der Wissenschaft auch Pr\u00fcfende aus der Justiz, den Ministerien und der Berufspraxis als Pr\u00fcfer zugelassen werden. Unterschiedliche Perspektiven der Pr\u00fcfenden tragen zu einer gerechteren Wahrnehmung und Bewertung der Examenskandidaten bei.<\/p>\n","protected":false},"excerpt":{"rendered":"<p>Die Studie &#8222;Geschlechts- und Herkunftseffekte bei juristischen Staatsexamen&#8220; des Justizministeriums NRW hat ergeben, dass die m\u00fcndlichen Noten bei Frauen durchschnittlich 2,4 % schlechter ausfallen als in den objektiveren anonymisierten schriftlichen&hellip; <\/p>\n","protected":false},"author":1,"featured_media":0,"comment_status":"closed","ping_status":"closed","sticky":false,"template":"","format":"standard","meta":{"footnotes":""},"categories":[4120,95,216],"tags":[3523,3520,3521,3522,2082],"quellen":[1317],"class_list":["post-10363","post","type-post","status-publish","format-standard","hentry","category-die-woche-im-landtag","category-gleichstellung","category-land","tag-diskriminierung","tag-jura","tag-jura-examen","tag-juristisches-staatsexamen","tag-nrw-justiz","quellen-mdl-sonja-bongers"],"_links":{"self":[{"href":"https:\/\/meier-gerdingh.de\/wp-spd-ob\/wp-json\/wp\/v2\/posts\/10363","targetHints":{"allow":["GET"]}}],"collection":[{"href":"https:\/\/meier-gerdingh.de\/wp-spd-ob\/wp-json\/wp\/v2\/posts"}],"about":[{"href":"https:\/\/meier-gerdingh.de\/wp-spd-ob\/wp-json\/wp\/v2\/types\/post"}],"author":[{"embeddable":true,"href":"https:\/\/meier-gerdingh.de\/wp-spd-ob\/wp-json\/wp\/v2\/users\/1"}],"replies":[{"embeddable":true,"href":"https:\/\/meier-gerdingh.de\/wp-spd-ob\/wp-json\/wp\/v2\/comments?post=10363"}],"version-history":[{"count":0,"href":"https:\/\/meier-gerdingh.de\/wp-spd-ob\/wp-json\/wp\/v2\/posts\/10363\/revisions"}],"wp:attachment":[{"href":"https:\/\/meier-gerdingh.de\/wp-spd-ob\/wp-json\/wp\/v2\/media?parent=10363"}],"wp:term":[{"taxonomy":"category","embeddable":true,"href":"https:\/\/meier-gerdingh.de\/wp-spd-ob\/wp-json\/wp\/v2\/categories?post=10363"},{"taxonomy":"post_tag","embeddable":true,"href":"https:\/\/meier-gerdingh.de\/wp-spd-ob\/wp-json\/wp\/v2\/tags?post=10363"},{"taxonomy":"quellen","embeddable":true,"href":"https:\/\/meier-gerdingh.de\/wp-spd-ob\/wp-json\/wp\/v2\/quellen?post=10363"}],"curies":[{"name":"wp","href":"https:\/\/api.w.org\/{rel}","templated":true}]}}