{"id":10364,"date":"2023-05-03T20:34:45","date_gmt":"2023-05-03T18:34:45","guid":{"rendered":"https:\/\/meier-gerdingh.de\/wp-spd-ob\/?p=10364"},"modified":"2024-06-13T14:53:58","modified_gmt":"2024-06-13T12:53:58","slug":"konzept-staatsanwaelte-vor-ort-muss-ausgebaut-werden","status":"publish","type":"post","link":"https:\/\/meier-gerdingh.de\/wp-spd-ob\/2023\/05\/03\/konzept-staatsanwaelte-vor-ort-muss-ausgebaut-werden\/","title":{"rendered":"Konzept Staatsanw\u00e4lte vor Ort muss ausgebaut werden"},"content":{"rendered":"<p><a href=\"https:\/\/meier-gerdingh.de\/wp-spd-ob\/wp-content\/uploads\/2023\/03\/banner-diese-woche-im-landtag-01.jpg\"><img decoding=\"async\" class=\"aligncenter size-full wp-image-10267\" src=\"https:\/\/meier-gerdingh.de\/wp-spd-ob\/wp-content\/uploads\/2023\/03\/banner-diese-woche-im-landtag-01.jpg\" alt=\"\" width=\"700\" height=\"258\" srcset=\"https:\/\/meier-gerdingh.de\/wp-spd-ob\/wp-content\/uploads\/2023\/03\/banner-diese-woche-im-landtag-01.jpg 700w, https:\/\/meier-gerdingh.de\/wp-spd-ob\/wp-content\/uploads\/2023\/03\/banner-diese-woche-im-landtag-01-300x111.jpg 300w\" sizes=\"(max-width: 700px) 100vw, 700px\" \/><\/a>Das Konzept des Staatsanwaltes bzw. der Staatsanw\u00e4ltin vor Ort in einigen nordrhein-westf\u00e4lischen St\u00e4dten hat sich bereits bew\u00e4hrt. Besonders die Verankerung im Stadtteil und die Kontinuit\u00e4t in r\u00e4umlich sehr begrenzten Gebieten stellt dabei einen besonderen Vorteil dar, um Kriminalit\u00e4t effektiv und nachhaltig zu bek\u00e4mpfen. Problemlagen sind oft von Stadt zu Stadt unterschiedlich. Kenntnisse der sozialr\u00e4umlichen Gegebenheiten und auch der lokalen Akteure ist f\u00fcr die \u00dcberf\u00fchrung von Straftaten n\u00fctzlich.<!--more--><\/p>\n<p>Doch eines muss uns klar sein. In Anbetracht mancher anderer krimineller Strukturen, die wir in NRW vorfinden, wie zum Beispiel in der Bek\u00e4mpfung von Clankriminalit\u00e4t, reicht das vorliegende Konzept allerdings nicht aus. Hier sind zwar regionale Kenntnisse auch von Vorteil, da sich aber kriminelle Netzwerke \u00fcber eine Region hinaus erstrecken, muss dieses in der Zust\u00e4ndigkeit auch ber\u00fccksichtigt werden. Hier brauchen wir eine klare Zuschreibung und Abgrenzung von Aufgaben. Zudem muss die \u00fcberregionale Zusammenarbeit mit anderen Sicherheitsbeh\u00f6rden aufgebaut werden.<\/p>\n","protected":false},"excerpt":{"rendered":"<p>Das Konzept des Staatsanwaltes bzw. der Staatsanw\u00e4ltin vor Ort in einigen nordrhein-westf\u00e4lischen St\u00e4dten hat sich bereits bew\u00e4hrt. Besonders die Verankerung im Stadtteil und die Kontinuit\u00e4t in r\u00e4umlich sehr begrenzten Gebieten&hellip; <\/p>\n","protected":false},"author":1,"featured_media":0,"comment_status":"closed","ping_status":"closed","sticky":false,"template":"","format":"standard","meta":{"footnotes":""},"categories":[4120,216],"tags":[3526,2082,3527,3524,3525],"quellen":[1317],"class_list":["post-10364","post","type-post","status-publish","format-standard","hentry","category-die-woche-im-landtag","category-land","tag-clankriminalitaet","tag-nrw-justiz","tag-staatsanwaelte-vor-ort","tag-staatsanwaeltinnen-und-staatsanwaelte","tag-staatsanwaltschaft","quellen-mdl-sonja-bongers"],"_links":{"self":[{"href":"https:\/\/meier-gerdingh.de\/wp-spd-ob\/wp-json\/wp\/v2\/posts\/10364","targetHints":{"allow":["GET"]}}],"collection":[{"href":"https:\/\/meier-gerdingh.de\/wp-spd-ob\/wp-json\/wp\/v2\/posts"}],"about":[{"href":"https:\/\/meier-gerdingh.de\/wp-spd-ob\/wp-json\/wp\/v2\/types\/post"}],"author":[{"embeddable":true,"href":"https:\/\/meier-gerdingh.de\/wp-spd-ob\/wp-json\/wp\/v2\/users\/1"}],"replies":[{"embeddable":true,"href":"https:\/\/meier-gerdingh.de\/wp-spd-ob\/wp-json\/wp\/v2\/comments?post=10364"}],"version-history":[{"count":0,"href":"https:\/\/meier-gerdingh.de\/wp-spd-ob\/wp-json\/wp\/v2\/posts\/10364\/revisions"}],"wp:attachment":[{"href":"https:\/\/meier-gerdingh.de\/wp-spd-ob\/wp-json\/wp\/v2\/media?parent=10364"}],"wp:term":[{"taxonomy":"category","embeddable":true,"href":"https:\/\/meier-gerdingh.de\/wp-spd-ob\/wp-json\/wp\/v2\/categories?post=10364"},{"taxonomy":"post_tag","embeddable":true,"href":"https:\/\/meier-gerdingh.de\/wp-spd-ob\/wp-json\/wp\/v2\/tags?post=10364"},{"taxonomy":"quellen","embeddable":true,"href":"https:\/\/meier-gerdingh.de\/wp-spd-ob\/wp-json\/wp\/v2\/quellen?post=10364"}],"curies":[{"name":"wp","href":"https:\/\/api.w.org\/{rel}","templated":true}]}}