{"id":10374,"date":"2023-05-10T10:36:39","date_gmt":"2023-05-10T08:36:39","guid":{"rendered":"https:\/\/meier-gerdingh.de\/wp-spd-ob\/?p=10374"},"modified":"2023-05-21T18:24:35","modified_gmt":"2023-05-21T16:24:35","slug":"sterkrader-spd-ortsvereine-besuchten-edeka-zentrallager-und-picnic","status":"publish","type":"post","link":"https:\/\/meier-gerdingh.de\/wp-spd-ob\/2023\/05\/10\/sterkrader-spd-ortsvereine-besuchten-edeka-zentrallager-und-picnic\/","title":{"rendered":"Sterkrader SPD-Ortsvereine besuchten Edeka-Zentrallager und Picnic"},"content":{"rendered":"<div id=\"attachment_10370\" style=\"width: 710px\" class=\"wp-caption aligncenter\"><a href=\"https:\/\/meier-gerdingh.de\/wp-spd-ob\/wp-content\/uploads\/2023\/05\/spd-ovs-sterkrade-besichtigung-edeka-zentrallager-01-lg.jpg\"><img aria-describedby=\"caption-attachment-10370\" decoding=\"async\" class=\"size-full wp-image-10370\" src=\"https:\/\/meier-gerdingh.de\/wp-spd-ob\/wp-content\/uploads\/2023\/05\/spd-ovs-sterkrade-besichtigung-edeka-zentrallager-01.jpg\" alt=\"\" width=\"700\" height=\"525\" srcset=\"https:\/\/meier-gerdingh.de\/wp-spd-ob\/wp-content\/uploads\/2023\/05\/spd-ovs-sterkrade-besichtigung-edeka-zentrallager-01.jpg 700w, https:\/\/meier-gerdingh.de\/wp-spd-ob\/wp-content\/uploads\/2023\/05\/spd-ovs-sterkrade-besichtigung-edeka-zentrallager-01-300x225.jpg 300w\" sizes=\"(max-width: 700px) 100vw, 700px\" \/><\/a><p id=\"caption-attachment-10370\" class=\"wp-caption-text\">Die Besuchergruppe der Sterkrader SPD-Ortsvereine bei der Betriebsbesichtigung im neuen Edeka-Zentrallager<\/p><\/div>\n<p>Wenn so etwas spannendes, aber auch einschneidendes in der Nachbarschaft passiert, ist es gut sich dies mal aus der N\u00e4he anzuschauen. Das dachten sich auch die SPD-Ortsvereine Sterkrade-Nord, Alsfeld-Holten und Sterkrade-S\u00fcd und besuchten mit ihren Mitgliedern das Edeka-Zentrallager und tauschten sich au\u00dferdem mit Mitarbeiterinnen und Mitarbeitern von Picnic aus.<!--more--><\/p>\n<p>Dabei gingen sie den Weg der Ware &#8211; von der Ankunft bis hin zur erneuten Auslieferung an die zu beliefernden M\u00e4rkte. Die Besuchergruppe lief nat\u00fcrlich nicht die gesamten 86.200 Quadratmeter ab, konnte sich aber einen guten \u00dcberblick \u00fcber den beeindruckenden, fast vollautomatischen Prozess machen. Trotzdem arbeiten knapp 1000 Mitarbeiterinnen und Mitarbeiter aus 33 Berufsbildern an dem Standort, um die rund 16.000 Artikeln auf Lager auszuliefern.<a href=\"https:\/\/meier-gerdingh.de\/wp-spd-ob\/wp-content\/uploads\/2023\/05\/spd-ovs-sterkrade-besichtigung-edeka-zentrallager-02-lg.jpg\"><img decoding=\"async\" class=\"aligncenter size-full wp-image-10372\" src=\"https:\/\/meier-gerdingh.de\/wp-spd-ob\/wp-content\/uploads\/2023\/05\/spd-ovs-sterkrade-besichtigung-edeka-zentrallager-02.jpg\" alt=\"\" width=\"700\" height=\"525\" srcset=\"https:\/\/meier-gerdingh.de\/wp-spd-ob\/wp-content\/uploads\/2023\/05\/spd-ovs-sterkrade-besichtigung-edeka-zentrallager-02.jpg 700w, https:\/\/meier-gerdingh.de\/wp-spd-ob\/wp-content\/uploads\/2023\/05\/spd-ovs-sterkrade-besichtigung-edeka-zentrallager-02-300x225.jpg 300w\" sizes=\"(max-width: 700px) 100vw, 700px\" \/><\/a><\/p>\n<p>Dies war ein beeindruckender Besuch, bei dem einige Fragen gekl\u00e4rt, aber auch neue aufgeworfen wurden. Diese sollen bei einem n\u00e4chsten Termin am dann weiter fertiggestellten Picnic-Standort gekl\u00e4rt werden.<\/p>\n","protected":false},"excerpt":{"rendered":"<p>Wenn so etwas spannendes, aber auch einschneidendes in der Nachbarschaft passiert, ist es gut sich dies mal aus der N\u00e4he anzuschauen. Das dachten sich auch die SPD-Ortsvereine Sterkrade-Nord, Alsfeld-Holten und&hellip; <\/p>\n","protected":false},"author":1,"featured_media":0,"comment_status":"closed","ping_status":"closed","sticky":false,"template":"","format":"standard","meta":{"footnotes":""},"categories":[16,167,311],"tags":[3531,3530,1748,3532,3533,46],"quellen":[336],"class_list":["post-10374","post","type-post","status-publish","format-standard","hentry","category-stadtentwicklung","category-stadtteile","category-wirtschaft","tag-betriebsbesichtigung","tag-edeka-zentrallager","tag-logistik","tag-picnic","tag-picnic-zentrallager","tag-sterkrade","quellen-ov-alsfeld-holten"],"_links":{"self":[{"href":"https:\/\/meier-gerdingh.de\/wp-spd-ob\/wp-json\/wp\/v2\/posts\/10374","targetHints":{"allow":["GET"]}}],"collection":[{"href":"https:\/\/meier-gerdingh.de\/wp-spd-ob\/wp-json\/wp\/v2\/posts"}],"about":[{"href":"https:\/\/meier-gerdingh.de\/wp-spd-ob\/wp-json\/wp\/v2\/types\/post"}],"author":[{"embeddable":true,"href":"https:\/\/meier-gerdingh.de\/wp-spd-ob\/wp-json\/wp\/v2\/users\/1"}],"replies":[{"embeddable":true,"href":"https:\/\/meier-gerdingh.de\/wp-spd-ob\/wp-json\/wp\/v2\/comments?post=10374"}],"version-history":[{"count":0,"href":"https:\/\/meier-gerdingh.de\/wp-spd-ob\/wp-json\/wp\/v2\/posts\/10374\/revisions"}],"wp:attachment":[{"href":"https:\/\/meier-gerdingh.de\/wp-spd-ob\/wp-json\/wp\/v2\/media?parent=10374"}],"wp:term":[{"taxonomy":"category","embeddable":true,"href":"https:\/\/meier-gerdingh.de\/wp-spd-ob\/wp-json\/wp\/v2\/categories?post=10374"},{"taxonomy":"post_tag","embeddable":true,"href":"https:\/\/meier-gerdingh.de\/wp-spd-ob\/wp-json\/wp\/v2\/tags?post=10374"},{"taxonomy":"quellen","embeddable":true,"href":"https:\/\/meier-gerdingh.de\/wp-spd-ob\/wp-json\/wp\/v2\/quellen?post=10374"}],"curies":[{"name":"wp","href":"https:\/\/api.w.org\/{rel}","templated":true}]}}