{"id":10377,"date":"2023-05-10T18:29:13","date_gmt":"2023-05-10T16:29:13","guid":{"rendered":"https:\/\/meier-gerdingh.de\/wp-spd-ob\/?p=10377"},"modified":"2023-05-10T18:29:13","modified_gmt":"2023-05-10T16:29:13","slug":"erster-outdoor-fitnessplatz-ist-eroeffnet","status":"publish","type":"post","link":"https:\/\/meier-gerdingh.de\/wp-spd-ob\/2023\/05\/10\/erster-outdoor-fitnessplatz-ist-eroeffnet\/","title":{"rendered":"Erster Outdoor-Fitnessplatz ist er\u00f6ffnet"},"content":{"rendered":"<div id=\"attachment_10375\" style=\"width: 710px\" class=\"wp-caption aligncenter\"><a href=\"https:\/\/meier-gerdingh.de\/wp-spd-ob\/wp-content\/uploads\/2023\/05\/eroeffnung-outdoor-fitnessplatz-sterkrade-23-lg.jpg\"><img aria-describedby=\"caption-attachment-10375\" decoding=\"async\" class=\"size-full wp-image-10375\" src=\"https:\/\/meier-gerdingh.de\/wp-spd-ob\/wp-content\/uploads\/2023\/05\/eroeffnung-outdoor-fitnessplatz-sterkrade-23.jpg\" alt=\"\" width=\"700\" height=\"478\" srcset=\"https:\/\/meier-gerdingh.de\/wp-spd-ob\/wp-content\/uploads\/2023\/05\/eroeffnung-outdoor-fitnessplatz-sterkrade-23.jpg 700w, https:\/\/meier-gerdingh.de\/wp-spd-ob\/wp-content\/uploads\/2023\/05\/eroeffnung-outdoor-fitnessplatz-sterkrade-23-300x205.jpg 300w\" sizes=\"(max-width: 700px) 100vw, 700px\" \/><\/a><p id=\"caption-attachment-10375\" class=\"wp-caption-text\">Von links: Claudia Salwik, B\u00fclent Sahin und der sportpolitische Sprecher der SPD-Fraktion Dietmar Look bei der Er\u00f6ffnung des ersten Oberhausener Outdoor-Fitnessplatzes im Sterkrader Volkspark<\/p><\/div>\n<p>Ein paar Klimmz\u00fcge an frischer Luft oder Gewichte stemmen bei Sonnenschein gef\u00e4llig? Das ist nun \u2013 g\u00e4nzlich kostenlos \u2013 im Stadion Sterkrade neben dem Volkspark m\u00f6glich. Dort ist nun Oberhausens erster Outdoor-Fitnessplatz offiziell seiner Bestimmung \u00fcbergeben worden.<\/p>\n<p>Im Juni 2021 hatten die Sportpolitiker der SPD einen entsprechenden Antrag in die politischen Gremien eingebracht, um die Verwaltung mit der Erarbeitung eines Plans f\u00fcr Outdoor-Fitness-Pl\u00e4tze in Oberhausen zu beauftragen. Der Antrag fu\u00dft auf der Auseinandersetzung mit dem Gutachten &#8222;Oberhausen \u2013 Sportstadt im Revier&#8220; des renommierten Sportwissenschaftlers Professor Dr. Robin K\u00e4hler.<!--more--><\/p>\n<p>Der hatte Oberhausen empfohlen, bei der Planung zuk\u00fcnftiger Sportst\u00e4tten auf Vielseitigkeit zu achten und darauf, dass diese auch \u00f6ffentlich zug\u00e4nglich sind und einer sozialen Kontrolle unterliegen.<\/p>\n<p>Zudem hatte Dr. K\u00e4hler auf die steigende Beliebtheit des Fitness-Sports in allen Altersbereichen hingewiesen. &#8222;Bewegungsangebote au\u00dferhalb fester Vereinsstrukturen und vorgegebener Zeiten werden immer beliebter, und darauf k\u00f6nnen wir mit diesem Angebot reagieren&#8220;, erkl\u00e4rte die Stadtverordnete Claudia Salwik am Dienstag.<\/p>\n<p>Wie weit dieses Angebot den Anspr\u00fcchen der Menschen in Oberhausen entgegenkommt, wird sich noch in diesem Sommer auch im Westen der Stadt zeigen. &#8222;Es freut uns, dass auf einer Teilfl\u00e4che des Bonmannparks in Lirich die n\u00e4chste Anlage schon bald ihrer Bestimmung \u00fcbergeben wird&#8220;, so Dietmar Look, sportpolitischer Sprecher der SPD-Fraktion.<\/p>\n","protected":false},"excerpt":{"rendered":"<p>Ein paar Klimmz\u00fcge an frischer Luft oder Gewichte stemmen bei Sonnenschein gef\u00e4llig? Das ist nun \u2013 g\u00e4nzlich kostenlos \u2013 im Stadion Sterkrade neben dem Volkspark m\u00f6glich. Dort ist nun Oberhausens&hellip; <\/p>\n","protected":false},"author":1,"featured_media":0,"comment_status":"closed","ping_status":"closed","sticky":false,"template":"","format":"standard","meta":{"footnotes":""},"categories":[47],"tags":[3535,183,3534,46,344],"quellen":[326],"class_list":["post-10377","post","type-post","status-publish","format-standard","hentry","category-sport","tag-bonmanpark","tag-lirich","tag-outdoor-fitnessplaetze","tag-sterkrade","tag-volkspark-sterkrade","quellen-spd-fraktion-oberhausen"],"_links":{"self":[{"href":"https:\/\/meier-gerdingh.de\/wp-spd-ob\/wp-json\/wp\/v2\/posts\/10377","targetHints":{"allow":["GET"]}}],"collection":[{"href":"https:\/\/meier-gerdingh.de\/wp-spd-ob\/wp-json\/wp\/v2\/posts"}],"about":[{"href":"https:\/\/meier-gerdingh.de\/wp-spd-ob\/wp-json\/wp\/v2\/types\/post"}],"author":[{"embeddable":true,"href":"https:\/\/meier-gerdingh.de\/wp-spd-ob\/wp-json\/wp\/v2\/users\/1"}],"replies":[{"embeddable":true,"href":"https:\/\/meier-gerdingh.de\/wp-spd-ob\/wp-json\/wp\/v2\/comments?post=10377"}],"version-history":[{"count":0,"href":"https:\/\/meier-gerdingh.de\/wp-spd-ob\/wp-json\/wp\/v2\/posts\/10377\/revisions"}],"wp:attachment":[{"href":"https:\/\/meier-gerdingh.de\/wp-spd-ob\/wp-json\/wp\/v2\/media?parent=10377"}],"wp:term":[{"taxonomy":"category","embeddable":true,"href":"https:\/\/meier-gerdingh.de\/wp-spd-ob\/wp-json\/wp\/v2\/categories?post=10377"},{"taxonomy":"post_tag","embeddable":true,"href":"https:\/\/meier-gerdingh.de\/wp-spd-ob\/wp-json\/wp\/v2\/tags?post=10377"},{"taxonomy":"quellen","embeddable":true,"href":"https:\/\/meier-gerdingh.de\/wp-spd-ob\/wp-json\/wp\/v2\/quellen?post=10377"}],"curies":[{"name":"wp","href":"https:\/\/api.w.org\/{rel}","templated":true}]}}