{"id":10378,"date":"2023-05-12T16:19:03","date_gmt":"2023-05-12T14:19:03","guid":{"rendered":"https:\/\/meier-gerdingh.de\/wp-spd-ob\/?p=10378"},"modified":"2023-05-12T16:19:03","modified_gmt":"2023-05-12T14:19:03","slug":"kulturentwicklungsplan-wird-wichtiger-bestandteil-der-stadtentwicklung","status":"publish","type":"post","link":"https:\/\/meier-gerdingh.de\/wp-spd-ob\/2023\/05\/12\/kulturentwicklungsplan-wird-wichtiger-bestandteil-der-stadtentwicklung\/","title":{"rendered":"Kulturentwicklungsplan wird wichtiger Bestandteil der Stadtentwicklung"},"content":{"rendered":"<div id=\"attachment_7693\" style=\"width: 170px\" class=\"wp-caption alignleft\"><a href=\"https:\/\/meier-gerdingh.de\/wp-spd-ob\/wp-content\/uploads\/2020\/11\/scherer-axel-2020-lg.jpg\"><img aria-describedby=\"caption-attachment-7693\" decoding=\"async\" class=\"size-full wp-image-7693\" src=\"https:\/\/meier-gerdingh.de\/wp-spd-ob\/wp-content\/uploads\/2020\/11\/scherer-axel-2020.jpg\" alt=\"\" width=\"160\" height=\"200\" \/><\/a><p id=\"caption-attachment-7693\" class=\"wp-caption-text\">Axel J. Scherer ist kulturpolitischer Sprecher der SPD-Ratsfraktion<\/p><\/div>\n<p>In der j\u00fcngsten Sitzung des Kulturausschusses haben die Mitglieder einen Antrag zum integrierten Stadtentwicklungskonzept vorberaten. Dr. Martin Florack, Leiter des Bereichs Integrierte Stadtentwicklung und Statistik, stellte dabei dem Ausschuss das Oberhausener Modell der Stadtentwicklung vor. Wichtiger Bestandteil wird hierbei der auf Initiative der SPD-Fraktion verabschiedete Kulturentwicklungsplan sein.<!--more--><\/p>\n<p>Dieser soll zuk\u00fcnftig als Wegweiser f\u00fcr die Kultur in einer sich deutlich ver\u00e4ndernden Gesellschaft dienen und wird momentan durch die Oberhausener Fachverwaltung erarbeitet. &#8222;Wir freuen uns, dass die Kultur endlich als integraler Bestandteil der zuk\u00fcnftigen Stadtplanung mitgedacht wird&#8220;, erkl\u00e4rt dazu der kulturpolitische Sprecher der SPD-Fraktion Axel J. Scherer.<\/p>\n","protected":false},"excerpt":{"rendered":"<p>In der j\u00fcngsten Sitzung des Kulturausschusses haben die Mitglieder einen Antrag zum integrierten Stadtentwicklungskonzept vorberaten. Dr. Martin Florack, Leiter des Bereichs Integrierte Stadtentwicklung und Statistik, stellte dabei dem Ausschuss das&hellip; <\/p>\n","protected":false},"author":1,"featured_media":0,"comment_status":"closed","ping_status":"closed","sticky":false,"template":"","format":"standard","meta":{"footnotes":""},"categories":[40,16],"tags":[3536,496,3537,2054],"quellen":[326],"class_list":["post-10378","post","type-post","status-publish","format-standard","hentry","category-kultur","category-stadtentwicklung","tag-integriertes-stadtentwicklungskonzept","tag-kulturausschuss","tag-kulturentwicklungsplan","tag-stadtplanung","quellen-spd-fraktion-oberhausen"],"_links":{"self":[{"href":"https:\/\/meier-gerdingh.de\/wp-spd-ob\/wp-json\/wp\/v2\/posts\/10378","targetHints":{"allow":["GET"]}}],"collection":[{"href":"https:\/\/meier-gerdingh.de\/wp-spd-ob\/wp-json\/wp\/v2\/posts"}],"about":[{"href":"https:\/\/meier-gerdingh.de\/wp-spd-ob\/wp-json\/wp\/v2\/types\/post"}],"author":[{"embeddable":true,"href":"https:\/\/meier-gerdingh.de\/wp-spd-ob\/wp-json\/wp\/v2\/users\/1"}],"replies":[{"embeddable":true,"href":"https:\/\/meier-gerdingh.de\/wp-spd-ob\/wp-json\/wp\/v2\/comments?post=10378"}],"version-history":[{"count":0,"href":"https:\/\/meier-gerdingh.de\/wp-spd-ob\/wp-json\/wp\/v2\/posts\/10378\/revisions"}],"wp:attachment":[{"href":"https:\/\/meier-gerdingh.de\/wp-spd-ob\/wp-json\/wp\/v2\/media?parent=10378"}],"wp:term":[{"taxonomy":"category","embeddable":true,"href":"https:\/\/meier-gerdingh.de\/wp-spd-ob\/wp-json\/wp\/v2\/categories?post=10378"},{"taxonomy":"post_tag","embeddable":true,"href":"https:\/\/meier-gerdingh.de\/wp-spd-ob\/wp-json\/wp\/v2\/tags?post=10378"},{"taxonomy":"quellen","embeddable":true,"href":"https:\/\/meier-gerdingh.de\/wp-spd-ob\/wp-json\/wp\/v2\/quellen?post=10378"}],"curies":[{"name":"wp","href":"https:\/\/api.w.org\/{rel}","templated":true}]}}