{"id":10388,"date":"2023-05-17T18:07:58","date_gmt":"2023-05-17T16:07:58","guid":{"rendered":"https:\/\/meier-gerdingh.de\/wp-spd-ob\/?p=10388"},"modified":"2023-05-17T18:07:58","modified_gmt":"2023-05-17T16:07:58","slug":"land-nrw-muss-taetig-werden","status":"publish","type":"post","link":"https:\/\/meier-gerdingh.de\/wp-spd-ob\/2023\/05\/17\/land-nrw-muss-taetig-werden\/","title":{"rendered":"Land NRW muss t\u00e4tig werden"},"content":{"rendered":"<div id=\"attachment_9529\" style=\"width: 170px\" class=\"wp-caption alignleft\"><a href=\"https:\/\/meier-gerdingh.de\/wp-spd-ob\/wp-content\/uploads\/2022\/10\/zimkeit-stefan-22-lg.jpg\"><img aria-describedby=\"caption-attachment-9529\" decoding=\"async\" class=\"size-full wp-image-9529\" src=\"https:\/\/meier-gerdingh.de\/wp-spd-ob\/wp-content\/uploads\/2022\/10\/zimkeit-stefan-22.jpg\" alt=\"\" width=\"160\" height=\"200\" \/><\/a><p id=\"caption-attachment-9529\" class=\"wp-caption-text\">Stefan Zimkeit ist Landtagsabgeordneter f\u00fcr Oberhausen-Sterkrade und finanzpolitischer Sprecher der SPD-Landtagsfraktion<\/p><\/div>\n<p>Den Ausstieg der Oberhausener Caritas aus der Schulsozialarbeit bezeichnet Stefan Zimkeit als &#8222;dramatisches Warnsignal&#8220; an die Landesregierung. &#8222;Sie tr\u00e4gt die alleinige Verantwortung f\u00fcr diese Entwicklung&#8220;, stellt der Landtagsabgeordnete fest. &#8222;Es ist seit Jahren bekannt, dass das j\u00e4hrliche Auslaufen der finanziellen F\u00f6rderung der Sozialarbeitsstellen eine stetige Betreuung der Schulkinder verhindert.&#8220;<\/p>\n<p>Stefan Zimkeit fordert das NRW-Schulministerium auf, endlich f\u00fcr eine Erh\u00f6hung der Mittel und eine l\u00e4ngerfristige Finanzierung der Schulsozialarbeit zu sorgen. &#8222;Die Besch\u00e4ftigten und die Schulen brauchen Planungssicherheit.&#8220; Es d\u00fcrfe nicht sein, dass die Sozialarbeiterinnen und -arbeit Anfang Mai noch nicht wissen, wie es nach den Sommerferien weitergeht. &#8222;Da muss man sich nicht wundern, dass sich viele von ihnen nach neuen Stellen umschauen.&#8220;<!--more--><\/p>\n<p>Zimkeit kritisiert, dass sich die Landesregierung zudem weigert, die Finanzmittel zu erh\u00f6hen. &#8222;Das Land darf die Finanzierung der Schulsozialarbeit nicht auf die Wohlfahrtsverb\u00e4nde abw\u00e4lzen.&#8220; Denn das gehe am Ende zu Lasten der Sch\u00fclerinnen und Sch\u00fcler, die nach Corona mehr den je auf eine gute Schulsozialarbeit angewiesen sind.<\/p>\n","protected":false},"excerpt":{"rendered":"<p>Den Ausstieg der Oberhausener Caritas aus der Schulsozialarbeit bezeichnet Stefan Zimkeit als &#8222;dramatisches Warnsignal&#8220; an die Landesregierung. &#8222;Sie tr\u00e4gt die alleinige Verantwortung f\u00fcr diese Entwicklung&#8220;, stellt der Landtagsabgeordnete fest. &#8222;Es&hellip; <\/p>\n","protected":false},"author":1,"featured_media":0,"comment_status":"closed","ping_status":"closed","sticky":false,"template":"","format":"standard","meta":{"footnotes":""},"categories":[216,2],"tags":[1515,2849,2790,3158,123,1784],"quellen":[331],"class_list":["post-10388","post","type-post","status-publish","format-standard","hentry","category-land","category-schule","tag-caritas","tag-caritas-oberhausen","tag-nrw-schulministerium","tag-schulministerium-nrw","tag-schulsozialarbeit","tag-wohlfahrtsverbaende","quellen-mdl-stefan-zimkeit"],"_links":{"self":[{"href":"https:\/\/meier-gerdingh.de\/wp-spd-ob\/wp-json\/wp\/v2\/posts\/10388","targetHints":{"allow":["GET"]}}],"collection":[{"href":"https:\/\/meier-gerdingh.de\/wp-spd-ob\/wp-json\/wp\/v2\/posts"}],"about":[{"href":"https:\/\/meier-gerdingh.de\/wp-spd-ob\/wp-json\/wp\/v2\/types\/post"}],"author":[{"embeddable":true,"href":"https:\/\/meier-gerdingh.de\/wp-spd-ob\/wp-json\/wp\/v2\/users\/1"}],"replies":[{"embeddable":true,"href":"https:\/\/meier-gerdingh.de\/wp-spd-ob\/wp-json\/wp\/v2\/comments?post=10388"}],"version-history":[{"count":0,"href":"https:\/\/meier-gerdingh.de\/wp-spd-ob\/wp-json\/wp\/v2\/posts\/10388\/revisions"}],"wp:attachment":[{"href":"https:\/\/meier-gerdingh.de\/wp-spd-ob\/wp-json\/wp\/v2\/media?parent=10388"}],"wp:term":[{"taxonomy":"category","embeddable":true,"href":"https:\/\/meier-gerdingh.de\/wp-spd-ob\/wp-json\/wp\/v2\/categories?post=10388"},{"taxonomy":"post_tag","embeddable":true,"href":"https:\/\/meier-gerdingh.de\/wp-spd-ob\/wp-json\/wp\/v2\/tags?post=10388"},{"taxonomy":"quellen","embeddable":true,"href":"https:\/\/meier-gerdingh.de\/wp-spd-ob\/wp-json\/wp\/v2\/quellen?post=10388"}],"curies":[{"name":"wp","href":"https:\/\/api.w.org\/{rel}","templated":true}]}}