{"id":1039,"date":"2013-03-07T17:00:00","date_gmt":"2013-03-07T15:00:00","guid":{"rendered":"http:\/\/www.meier-gerdingh.de\/spd-oberhausen\/wp\/?p=1039"},"modified":"2013-03-07T17:00:00","modified_gmt":"2013-03-07T15:00:00","slug":"alle-parteien-koennten-mit-anpacken","status":"publish","type":"post","link":"https:\/\/meier-gerdingh.de\/wp-spd-ob\/2013\/03\/07\/alle-parteien-koennten-mit-anpacken\/","title":{"rendered":"&#8222;Alle Parteien k\u00f6nnten mit anpacken!&#8220;"},"content":{"rendered":"<p><div style=\"width: 170px\" class=\"wp-caption alignleft\"><a href=\"http:\/\/meier-gerdingh.de\/wp-spd-ob\/wp-content\/uploads\/super_sauber_schmachtendorf_13.jpg\"><img decoding=\"async\" src=\"http:\/\/meier-gerdingh.de\/wp-spd-ob\/wp-content\/uploads\/super_sauber_schmachtendorf_13.jpg\"  width=\"160\" height=\"143\" alt=\"Beim Fr\u00fchjahrsputz f\u00fcrs Biotop: Sebastian Flecken (rechts), Vorsitzender des SPD-Ortsvereins Sterkrade-Nord, und Stefan Scheffler, Mitglied des Rates f\u00fcr Schmachtendorf\" class=\"size-full\" \/><\/a><p class=\"wp-caption-text\">Beim Fr\u00fchjahrsputz f\u00fcrs Biotop: Sebastian Flecken (rechts), Vorsitzender des SPD-Ortsvereins Sterkrade-Nord, und Stefan Scheffler, Mitglied des Rates f\u00fcr Schmachtendorf<\/p><\/div>Erfreut zeigen sich die Genossen des SPD-Ortsvereins Sterkrade Nord \u00fcber die durchgef\u00fchrten Schnitte an den Geh\u00f6lzen des Biotops an der Schmachtendorfer Stra\u00dfe. Dabei richten die Sozialdemokraten einen besonderen Dank an die Verwaltung, die den engagierten Natursch\u00fctzern durch ein Zur\u00fcckschneiden der B\u00e4ume und Str\u00e4ucher hilfreich zur Seite stand. &#8222;Seit Jahren sind wir als Schmachtendorfer tatkr\u00e4ftig bei der Sache, wenn es um unseren Stadtteil geht und reinigen unter anderem auch einmal im Jahr den Teich des Biotops&#8220;, erkl\u00e4rt der SPD-Stadtverordnete Stefan Scheffler. &#8222;Diese Aktion ist schon seit Jahren gute Tradition und bislang haben wir noch keinen Antrag in der Bezirksvertretung gebraucht, um f\u00fcr unsere Stadtteile anzupacken.&#8220;<!--more--><\/p>\n<p>Ende 2012 hatte die CDU in der Bezirksvertretung Sterkrade einen Antrag gestellt, der die Verwaltung aufforderte, das Biotop an der Schmachtendorfer Stra\u00dfe auf Vordermann zu bringen und den durchgef\u00fchrten Baumschnitt anschlie\u00dfend als politischen Erfolg pressetechnisch f\u00fcr sich verbucht. <\/p>\n<p>&#8222;W\u00e4hrend die Kollegen mit spitzer Feder einen Antrag schreiben, sind wir Sozis auch bereit, uns im wahrsten Sinne des Wortes mal die H\u00e4nde schmutzig zu machen&#8220;, fasst Scheffler die unterschiedlichen Herangehensweisen zusammen. &#8222;Wir werden auch in diesem Jahr bei der geplanten Entschlammung der Teichanlage wieder mithelfen und sind gespannt, inwieweit sich jetzt auch die anderen Fraktionen aus der Bezirksvertretung Sterkrade daran beteiligen&#8220;, so Scheffler mit Blick auf die politische Konkurrenz.<\/p>\n","protected":false},"excerpt":{"rendered":"<p>Erfreut zeigen sich die Genossen des SPD-Ortsvereins Sterkrade Nord \u00fcber die durchgef\u00fchrten Schnitte an den Geh\u00f6lzen des Biotops an der Schmachtendorfer Stra\u00dfe. Dabei richten die Sozialdemokraten einen besonderen Dank an&hellip; <\/p>\n","protected":false},"author":1,"featured_media":0,"comment_status":"closed","ping_status":"closed","sticky":false,"template":"","format":"standard","meta":{"footnotes":""},"categories":[],"tags":[],"quellen":[],"class_list":["post-1039","post","type-post","status-publish","format-standard","hentry"],"_links":{"self":[{"href":"https:\/\/meier-gerdingh.de\/wp-spd-ob\/wp-json\/wp\/v2\/posts\/1039","targetHints":{"allow":["GET"]}}],"collection":[{"href":"https:\/\/meier-gerdingh.de\/wp-spd-ob\/wp-json\/wp\/v2\/posts"}],"about":[{"href":"https:\/\/meier-gerdingh.de\/wp-spd-ob\/wp-json\/wp\/v2\/types\/post"}],"author":[{"embeddable":true,"href":"https:\/\/meier-gerdingh.de\/wp-spd-ob\/wp-json\/wp\/v2\/users\/1"}],"replies":[{"embeddable":true,"href":"https:\/\/meier-gerdingh.de\/wp-spd-ob\/wp-json\/wp\/v2\/comments?post=1039"}],"version-history":[{"count":0,"href":"https:\/\/meier-gerdingh.de\/wp-spd-ob\/wp-json\/wp\/v2\/posts\/1039\/revisions"}],"wp:attachment":[{"href":"https:\/\/meier-gerdingh.de\/wp-spd-ob\/wp-json\/wp\/v2\/media?parent=1039"}],"wp:term":[{"taxonomy":"category","embeddable":true,"href":"https:\/\/meier-gerdingh.de\/wp-spd-ob\/wp-json\/wp\/v2\/categories?post=1039"},{"taxonomy":"post_tag","embeddable":true,"href":"https:\/\/meier-gerdingh.de\/wp-spd-ob\/wp-json\/wp\/v2\/tags?post=1039"},{"taxonomy":"quellen","embeddable":true,"href":"https:\/\/meier-gerdingh.de\/wp-spd-ob\/wp-json\/wp\/v2\/quellen?post=1039"}],"curies":[{"name":"wp","href":"https:\/\/api.w.org\/{rel}","templated":true}]}}